{"id":247376,"date":"2024-09-08T10:41:27","date_gmt":"2024-09-08T14:41:27","guid":{"rendered":"https:\/\/elluchador.info\/?p=247376"},"modified":"2024-09-08T12:36:09","modified_gmt":"2024-09-08T16:36:09","slug":"ministro-cabello-tras-huida-de-edmundo-gonzalez-nosotros-venceremos","status":"publish","type":"post","link":"https:\/\/elluchador.info\/?p=247376","title":{"rendered":"Ministro Cabello tras hu\u00edda de Edmundo Gonz\u00e1lez: \u00a1Nosotros Venceremos!"},"content":{"rendered":"\n<p>El&nbsp;<strong>primer vicepresidente del Partido Socialista Unido de Venezuela (PSUV), Diosdado Cabello<\/strong>, se pronunci\u00f3 desde la red social Instagram, tras conocerse la salida del pa\u00eds del excandidato opositor a las elecciones presidenciales del pasado 28 de julio, Edmundo Gonz\u00e1lez Urrutia.<\/p>\n\n\n\n<p><strong>\u00abSer\u00e9 breve: Nosotros Venceremos!\u00bb<\/strong>, escribi\u00f3 en una publicaci\u00f3n seguida del texto que la&nbsp;<strong>vicepresidenta, Delcy Rodr\u00edguez<\/strong>&nbsp;publicara con detalles de la hu\u00edda del opositor hacia Espa\u00f1a, donde le fue aceptada su solicitud de asilo pol\u00edtico.<\/p>\n\n\n\n<p><strong><em>Con informaci\u00f3n de Globovisi\u00f3n.<\/em><\/strong><\/p>\n","protected":false},"excerpt":{"rendered":"<p>El&nbsp;primer vicepresidente del Partido Socialista Unido de Venezuela (PSUV), Diosdado Cabello, se pronunci\u00f3 desde la red social Instagram, tras conocerse la salida del pa\u00eds del excandidato opositor a las elecciones presidenciales del pasado 28 de julio, Edmundo Gonz\u00e1lez Urrutia. \u00abSer\u00e9 breve: Nosotros Venceremos!\u00bb, escribi\u00f3 en una publicaci\u00f3n seguida del texto que la&nbsp;vicepresidenta, Delcy Rodr\u00edguez&nbsp;publicara con [&hellip;]<\/p>\n","protected":false},"author":2,"featured_media":247377,"comment_status":"closed","ping_status":"closed","sticky":false,"template":"","format":"standard","meta":{"footnotes":""},"categories":[5,11],"tags":[],"class_list":{"0":"post-247376","1":"post","2":"type-post","3":"status-publish","4":"format-standard","5":"has-post-thumbnail","7":"category-destacado","8":"category-politica"},"_links":{"self":[{"href":"https:\/\/elluchador.info\/index.php?rest_route=\/wp\/v2\/posts\/247376","targetHints":{"allow":["GET"]}}],"collection":[{"href":"https:\/\/elluchador.info\/index.php?rest_route=\/wp\/v2\/posts"}],"about":[{"href":"https:\/\/elluchador.info\/index.php?rest_route=\/wp\/v2\/types\/post"}],"author":[{"embeddable":true,"href":"https:\/\/elluchador.info\/index.php?rest_route=\/wp\/v2\/users\/2"}],"replies":[{"embeddable":true,"href":"https:\/\/elluchador.info\/index.php?rest_route=%2Fwp%2Fv2%2Fcomments&post=247376"}],"version-history":[{"count":1,"href":"https:\/\/elluchador.info\/index.php?rest_route=\/wp\/v2\/posts\/247376\/revisions"}],"predecessor-version":[{"id":247378,"href":"https:\/\/elluchador.info\/index.php?rest_route=\/wp\/v2\/posts\/247376\/revisions\/247378"}],"wp:featuredmedia":[{"embeddable":true,"href":"https:\/\/elluchador.info\/index.php?rest_route=\/wp\/v2\/media\/247377"}],"wp:attachment":[{"href":"https:\/\/elluchador.info\/index.php?rest_route=%2Fwp%2Fv2%2Fmedia&parent=247376"}],"wp:term":[{"taxonomy":"category","embeddable":true,"href":"https:\/\/elluchador.info\/index.php?rest_route=%2Fwp%2Fv2%2Fcategories&post=247376"},{"taxonomy":"post_tag","embeddable":true,"href":"https:\/\/elluchador.info\/index.php?rest_route=%2Fwp%2Fv2%2Ftags&post=247376"}],"curies":[{"name":"wp","href":"https:\/\/api.w.org\/{rel}","templated":true}]}}