{"id":247899,"date":"2024-09-09T15:56:04","date_gmt":"2024-09-09T19:56:04","guid":{"rendered":"https:\/\/elluchador.info\/?p=247899"},"modified":"2024-09-09T15:56:09","modified_gmt":"2024-09-09T19:56:09","slug":"maria-corina-machado-convoco-para-este-martes-concentracion-en-madrid","status":"publish","type":"post","link":"https:\/\/elluchador.info\/?p=247899","title":{"rendered":"Mar\u00eda Corina Machado convoc\u00f3 para este martes concentraci\u00f3n en Madrid"},"content":{"rendered":"\n<p>La l\u00edder opositora, Mar\u00eda Corina Machado, convoc\u00f3 a una actividad de la oposici\u00f3n en la capital espa\u00f1ola, donde se encuentra asilado desde este domingo el excandidato presidencial Edmundo Gonz\u00e1lez Urrutia.<\/p>\n\n\n\n<p>\u00abCada uno de los venezolanos que hoy viven en Espa\u00f1a a encontrarse este martes a partir de las seis de la tarde en la Plaza de las Cortes de Madrid, todos los venezolanos unidos, los que est\u00e1n en Espa\u00f1a y alrededor del mundo\u00bb.<\/p>\n\n\n\n<p>Machado ratific\u00f3 que la oposici\u00f3n se mantiene unida luego de las elecciones del 28 de julio.<\/p>\n\n\n\n<p>En este sentido, Machado, afirm\u00f3 que los detalles del proceso que llev\u00f3 a la salida de Edmundo Gonz\u00e1lez de Venezuela se dar\u00e1n a conocer en su momento, pero dijo que se trat\u00f3 de una operaci\u00f3n compleja.<\/p>\n\n\n\n<p>Con informaci\u00f3n <strong><em>Uni\u00f3n Radio<\/em><\/strong><\/p>\n","protected":false},"excerpt":{"rendered":"<p>La l\u00edder opositora, Mar\u00eda Corina Machado, convoc\u00f3 a una actividad de la oposici\u00f3n en la capital espa\u00f1ola, donde se encuentra asilado desde este domingo el excandidato presidencial Edmundo Gonz\u00e1lez Urrutia. \u00abCada uno de los venezolanos que hoy viven en Espa\u00f1a a encontrarse este martes a partir de las seis de la tarde en la Plaza [&hellip;]<\/p>\n","protected":false},"author":33,"featured_media":247900,"comment_status":"closed","ping_status":"closed","sticky":false,"template":"","format":"standard","meta":{"footnotes":""},"categories":[11],"tags":[592,1969,607],"class_list":{"0":"post-247899","1":"post","2":"type-post","3":"status-publish","4":"format-standard","5":"has-post-thumbnail","8":"tag-espana","9":"tag-machado","10":"tag-madrid"},"_links":{"self":[{"href":"https:\/\/elluchador.info\/index.php?rest_route=\/wp\/v2\/posts\/247899","targetHints":{"allow":["GET"]}}],"collection":[{"href":"https:\/\/elluchador.info\/index.php?rest_route=\/wp\/v2\/posts"}],"about":[{"href":"https:\/\/elluchador.info\/index.php?rest_route=\/wp\/v2\/types\/post"}],"author":[{"embeddable":true,"href":"https:\/\/elluchador.info\/index.php?rest_route=\/wp\/v2\/users\/33"}],"replies":[{"embeddable":true,"href":"https:\/\/elluchador.info\/index.php?rest_route=%2Fwp%2Fv2%2Fcomments&post=247899"}],"version-history":[{"count":1,"href":"https:\/\/elluchador.info\/index.php?rest_route=\/wp\/v2\/posts\/247899\/revisions"}],"predecessor-version":[{"id":247901,"href":"https:\/\/elluchador.info\/index.php?rest_route=\/wp\/v2\/posts\/247899\/revisions\/247901"}],"wp:featuredmedia":[{"embeddable":true,"href":"https:\/\/elluchador.info\/index.php?rest_route=\/wp\/v2\/media\/247900"}],"wp:attachment":[{"href":"https:\/\/elluchador.info\/index.php?rest_route=%2Fwp%2Fv2%2Fmedia&parent=247899"}],"wp:term":[{"taxonomy":"category","embeddable":true,"href":"https:\/\/elluchador.info\/index.php?rest_route=%2Fwp%2Fv2%2Fcategories&post=247899"},{"taxonomy":"post_tag","embeddable":true,"href":"https:\/\/elluchador.info\/index.php?rest_route=%2Fwp%2Fv2%2Ftags&post=247899"}],"curies":[{"name":"wp","href":"https:\/\/api.w.org\/{rel}","templated":true}]}}