{"id":248126,"date":"2024-09-11T12:59:25","date_gmt":"2024-09-11T16:59:25","guid":{"rendered":"https:\/\/elluchador.info\/?p=248126"},"modified":"2024-09-11T12:59:30","modified_gmt":"2024-09-11T16:59:30","slug":"cabello-rechaza-respaldo-del-congreso-de-espana-a-gonzalez","status":"publish","type":"post","link":"https:\/\/elluchador.info\/?p=248126","title":{"rendered":"Cabello rechaza respaldo del Congreso de Espa\u00f1a a Gonz\u00e1lez"},"content":{"rendered":"\n<p>El ministro de Interior y Justicia, Diosdado Cabello, rechaz\u00f3 este mi\u00e9rcoles el reconocimiento del Congreso de Espa\u00f1a al opositor Edmundo Gonz\u00e1lez.<\/p>\n\n\n\n<p>\u00abNos creen colonia y ellos se creen imperio\u00bb, puntualiz\u00f3 durante su intervenci\u00f3n en la segunda jornada del Congreso Mundial contra el Fascismo, Neofascismo y expresiones similares, celebrado en el Centro de Convenciones en La Carlota.<\/p>\n\n\n\n<p>Cabello dijo que Espa\u00f1a dio un veredicto sobre las elecciones de Venezuela y cuestion\u00f3: \u00ab\u00bfQu\u00e9 tienen que ver ellos en los asuntos internos de Venezuela?\u00bb.<\/p>\n\n\n\n<p>\u00abDe aqu\u00ed los echamos hace 300 a\u00f1os y los vamos a volver a echar cada vez que intenten meterse en los asuntos internos de Venezuela. A ellos y a cualquier imperialista\u00bb, dijo.<\/p>\n\n\n\n<p>El Congreso ha aprobado la Proposici\u00f3n no de Ley (PNL) presentada por el Partido Popular (PP) para instar al Gobierno espa\u00f1ol a reconocer a Edmundo Gonz\u00e1lez como ganador electo de Venezuela y condenar al gobierno de Nicol\u00e1s Maduro. La propuesta fue aprobada con 177 votos a favor de PP, Vox, PNV, UPN y CC, frente a 164 votos en contra de PSOE, Sumar, Podemos, BNG y Bildu. Adem\u00e1s, Jos\u00e9 Luis \u00c1balos se abstuvo y Junts no particip\u00f3 en la votaci\u00f3n.<\/p>\n\n\n\n<p>Con informaci\u00f3n <strong><em>AVN<\/em><\/strong><\/p>\n","protected":false},"excerpt":{"rendered":"<p>El ministro de Interior y Justicia, Diosdado Cabello, rechaz\u00f3 este mi\u00e9rcoles el reconocimiento del Congreso de Espa\u00f1a al opositor Edmundo Gonz\u00e1lez. \u00abNos creen colonia y ellos se creen imperio\u00bb, puntualiz\u00f3 durante su intervenci\u00f3n en la segunda jornada del Congreso Mundial contra el Fascismo, Neofascismo y expresiones similares, celebrado en el Centro de Convenciones en La [&hellip;]<\/p>\n","protected":false},"author":33,"featured_media":248127,"comment_status":"closed","ping_status":"closed","sticky":false,"template":"","format":"standard","meta":{"footnotes":""},"categories":[5,11],"tags":[1998,1999,1962],"class_list":{"0":"post-248126","1":"post","2":"type-post","3":"status-publish","4":"format-standard","5":"has-post-thumbnail","7":"category-destacado","8":"category-politica","10":"tag-espanol","11":"tag-gonzalez-urrutia"},"_links":{"self":[{"href":"https:\/\/elluchador.info\/index.php?rest_route=\/wp\/v2\/posts\/248126","targetHints":{"allow":["GET"]}}],"collection":[{"href":"https:\/\/elluchador.info\/index.php?rest_route=\/wp\/v2\/posts"}],"about":[{"href":"https:\/\/elluchador.info\/index.php?rest_route=\/wp\/v2\/types\/post"}],"author":[{"embeddable":true,"href":"https:\/\/elluchador.info\/index.php?rest_route=\/wp\/v2\/users\/33"}],"replies":[{"embeddable":true,"href":"https:\/\/elluchador.info\/index.php?rest_route=%2Fwp%2Fv2%2Fcomments&post=248126"}],"version-history":[{"count":1,"href":"https:\/\/elluchador.info\/index.php?rest_route=\/wp\/v2\/posts\/248126\/revisions"}],"predecessor-version":[{"id":248128,"href":"https:\/\/elluchador.info\/index.php?rest_route=\/wp\/v2\/posts\/248126\/revisions\/248128"}],"wp:featuredmedia":[{"embeddable":true,"href":"https:\/\/elluchador.info\/index.php?rest_route=\/wp\/v2\/media\/248127"}],"wp:attachment":[{"href":"https:\/\/elluchador.info\/index.php?rest_route=%2Fwp%2Fv2%2Fmedia&parent=248126"}],"wp:term":[{"taxonomy":"category","embeddable":true,"href":"https:\/\/elluchador.info\/index.php?rest_route=%2Fwp%2Fv2%2Fcategories&post=248126"},{"taxonomy":"post_tag","embeddable":true,"href":"https:\/\/elluchador.info\/index.php?rest_route=%2Fwp%2Fv2%2Ftags&post=248126"}],"curies":[{"name":"wp","href":"https:\/\/api.w.org\/{rel}","templated":true}]}}