{"id":248129,"date":"2024-09-11T13:30:56","date_gmt":"2024-09-11T17:30:56","guid":{"rendered":"https:\/\/elluchador.info\/?p=248129"},"modified":"2024-09-11T13:31:00","modified_gmt":"2024-09-11T17:31:00","slug":"anuncian-gran-proyecto-productivo-en-la-vergarena","status":"publish","type":"post","link":"https:\/\/elluchador.info\/?p=248129","title":{"rendered":"Anuncian gran proyecto productivo en La Vergare\u00f1a"},"content":{"rendered":"\n<p> El presidente de la Rep\u00fablica, Nicol\u00e1s Maduro, anunci\u00f3 en materia econ\u00f3mica el nacimiento de un proyecto integral de producci\u00f3n alimentaria de gran escala.<\/p>\n\n\n\n<p>Este Gran Proyecto Productivo de la Patria Grande ser\u00e1 desarrollado en La Vergare\u00f1a, en el estado Bol\u00edvar, con 10 mil hect\u00e1reas de tierra, con el apoyo del Movimiento Sin Tierra de Brasil (MST). Y fue designado Comisionado Presidencial para este proyecto, el comandante<br>Wilmar Castro Soteldo.<\/p>\n\n\n\n<p>Destac\u00f3 la experiencia exitosa del movimiento brasile\u00f1o en la materia y por ello han sido incorporados para llevar adelante en Venezuela este proyecto con estas primeras 10 mil hect\u00e1reas de \u00abtierras de primer nivel, que tienen buena humedad, buen contenido, acceso al agua\u00bb.<\/p>\n\n\n\n<p>El presidente Maduro ha trazado la meta, con el apoyo del MST-Brasil, junto a los movimientos campesinos venezolanos y las fuerzas comunales del campo, llegar a mediano plazo a 100 mil hect\u00e1reas productivas de alimentos para el pueblo de Venezuela y para los pueblos de Am\u00e9rica Latina que lo necesiten.<\/p>\n\n\n\n<p><strong>Rescatar el concepto de Conuco para la producci\u00f3n<\/strong><\/p>\n\n\n\n<p>El jefe de Estado se\u00f1al\u00f3 que se debe retomar el conuco como un concepto de preservaci\u00f3n, diversificaci\u00f3n productiva y cuidado de la tierra.<\/p>\n\n\n\n<p>\u00abYo quiero lanzar una nueva andanada de rescate de concepto de conuco agro sustentable agroecol\u00f3gico\u00bb, poniendo como ejemplo el conuco familiar como una de las escalas, el conuco comunitario y el zonal.<\/p>\n\n\n\n<p><strong><em>Prensa Presidencial<\/em><\/strong><\/p>\n","protected":false},"excerpt":{"rendered":"<p>El presidente de la Rep\u00fablica, Nicol\u00e1s Maduro, anunci\u00f3 en materia econ\u00f3mica el nacimiento de un proyecto integral de producci\u00f3n alimentaria de gran escala. Este Gran Proyecto Productivo de la Patria Grande ser\u00e1 desarrollado en La Vergare\u00f1a, en el estado Bol\u00edvar, con 10 mil hect\u00e1reas de tierra, con el apoyo del Movimiento Sin Tierra de Brasil [&hellip;]<\/p>\n","protected":false},"author":33,"featured_media":248130,"comment_status":"closed","ping_status":"closed","sticky":false,"template":"","format":"standard","meta":{"footnotes":""},"categories":[12],"tags":[185,84],"class_list":{"0":"post-248129","1":"post","2":"type-post","3":"status-publish","4":"format-standard","5":"has-post-thumbnail","7":"category-regionales","8":"tag-bolivar","9":"tag-maduro"},"_links":{"self":[{"href":"https:\/\/elluchador.info\/index.php?rest_route=\/wp\/v2\/posts\/248129","targetHints":{"allow":["GET"]}}],"collection":[{"href":"https:\/\/elluchador.info\/index.php?rest_route=\/wp\/v2\/posts"}],"about":[{"href":"https:\/\/elluchador.info\/index.php?rest_route=\/wp\/v2\/types\/post"}],"author":[{"embeddable":true,"href":"https:\/\/elluchador.info\/index.php?rest_route=\/wp\/v2\/users\/33"}],"replies":[{"embeddable":true,"href":"https:\/\/elluchador.info\/index.php?rest_route=%2Fwp%2Fv2%2Fcomments&post=248129"}],"version-history":[{"count":1,"href":"https:\/\/elluchador.info\/index.php?rest_route=\/wp\/v2\/posts\/248129\/revisions"}],"predecessor-version":[{"id":248131,"href":"https:\/\/elluchador.info\/index.php?rest_route=\/wp\/v2\/posts\/248129\/revisions\/248131"}],"wp:featuredmedia":[{"embeddable":true,"href":"https:\/\/elluchador.info\/index.php?rest_route=\/wp\/v2\/media\/248130"}],"wp:attachment":[{"href":"https:\/\/elluchador.info\/index.php?rest_route=%2Fwp%2Fv2%2Fmedia&parent=248129"}],"wp:term":[{"taxonomy":"category","embeddable":true,"href":"https:\/\/elluchador.info\/index.php?rest_route=%2Fwp%2Fv2%2Fcategories&post=248129"},{"taxonomy":"post_tag","embeddable":true,"href":"https:\/\/elluchador.info\/index.php?rest_route=%2Fwp%2Fv2%2Ftags&post=248129"}],"curies":[{"name":"wp","href":"https:\/\/api.w.org\/{rel}","templated":true}]}}