{"id":248242,"date":"2024-09-12T09:47:36","date_gmt":"2024-09-12T13:47:36","guid":{"rendered":"https:\/\/elluchador.info\/?p=248242"},"modified":"2024-09-12T09:47:41","modified_gmt":"2024-09-12T13:47:41","slug":"arrestado-en-el-callao-por-violencia-de-genero","status":"publish","type":"post","link":"https:\/\/elluchador.info\/?p=248242","title":{"rendered":"Arrestado en El Callao por violencia de g\u00e9nero"},"content":{"rendered":"\n<p>Uniformados de la Polic\u00eda del estado Bol\u00edvar arrestaron a un sujeto de 22 a\u00f1os en El Callao tras atender una denuncia por violencia de g\u00e9nero. El ciudadano fue capturado en la calle Roscio, donde fue se\u00f1alado por agresi\u00f3n f\u00edsica y verbal.<\/p>\n\n\n\n<p>El detenido fue trasladado a la Estaci\u00f3n Policial El Callao y qued\u00f3 a disposici\u00f3n de la Fiscal\u00eda Quinta del Ministerio P\u00fablico de la entidad. Las autoridades contin\u00faan investigando el caso para determinar las circunstancias exactas de los hechos y garantizar la protecci\u00f3n de la v\u00edctima.<\/p>\n\n\n\n<p><strong>Redacci\u00f3n<\/strong><\/p>\n","protected":false},"excerpt":{"rendered":"<p>Uniformados de la Polic\u00eda del estado Bol\u00edvar arrestaron a un sujeto de 22 a\u00f1os en El Callao tras atender una denuncia por violencia de g\u00e9nero. El ciudadano fue capturado en la calle Roscio, donde fue se\u00f1alado por agresi\u00f3n f\u00edsica y verbal. El detenido fue trasladado a la Estaci\u00f3n Policial El Callao y qued\u00f3 a disposici\u00f3n [&hellip;]<\/p>\n","protected":false},"author":2,"featured_media":248243,"comment_status":"closed","ping_status":"closed","sticky":false,"template":"","format":"standard","meta":{"footnotes":""},"categories":[13],"tags":[],"class_list":{"0":"post-248242","1":"post","2":"type-post","3":"status-publish","4":"format-standard","5":"has-post-thumbnail","7":"category-sucesos"},"_links":{"self":[{"href":"https:\/\/elluchador.info\/index.php?rest_route=\/wp\/v2\/posts\/248242","targetHints":{"allow":["GET"]}}],"collection":[{"href":"https:\/\/elluchador.info\/index.php?rest_route=\/wp\/v2\/posts"}],"about":[{"href":"https:\/\/elluchador.info\/index.php?rest_route=\/wp\/v2\/types\/post"}],"author":[{"embeddable":true,"href":"https:\/\/elluchador.info\/index.php?rest_route=\/wp\/v2\/users\/2"}],"replies":[{"embeddable":true,"href":"https:\/\/elluchador.info\/index.php?rest_route=%2Fwp%2Fv2%2Fcomments&post=248242"}],"version-history":[{"count":1,"href":"https:\/\/elluchador.info\/index.php?rest_route=\/wp\/v2\/posts\/248242\/revisions"}],"predecessor-version":[{"id":248244,"href":"https:\/\/elluchador.info\/index.php?rest_route=\/wp\/v2\/posts\/248242\/revisions\/248244"}],"wp:featuredmedia":[{"embeddable":true,"href":"https:\/\/elluchador.info\/index.php?rest_route=\/wp\/v2\/media\/248243"}],"wp:attachment":[{"href":"https:\/\/elluchador.info\/index.php?rest_route=%2Fwp%2Fv2%2Fmedia&parent=248242"}],"wp:term":[{"taxonomy":"category","embeddable":true,"href":"https:\/\/elluchador.info\/index.php?rest_route=%2Fwp%2Fv2%2Fcategories&post=248242"},{"taxonomy":"post_tag","embeddable":true,"href":"https:\/\/elluchador.info\/index.php?rest_route=%2Fwp%2Fv2%2Ftags&post=248242"}],"curies":[{"name":"wp","href":"https:\/\/api.w.org\/{rel}","templated":true}]}}