{"id":248292,"date":"2024-09-12T14:00:00","date_gmt":"2024-09-12T18:00:00","guid":{"rendered":"https:\/\/elluchador.info\/?p=248292"},"modified":"2024-09-12T13:44:38","modified_gmt":"2024-09-12T17:44:38","slug":"vicepresidenta-delcy-rodriguez-encabezara-delegacion-venezolana-en-la-semana-de-la-energia-de-rusia","status":"publish","type":"post","link":"https:\/\/elluchador.info\/?p=248292","title":{"rendered":"Vicepresidenta Delcy Rodr\u00edguez encabezar\u00e1 delegaci\u00f3n venezolana en la Semana de la Energ\u00eda de Rusia"},"content":{"rendered":"\n<p>La vicepresidenta de la Rep\u00fablica, Delcy Rodr\u00edguez, encabezar\u00e1 la delegaci\u00f3n venezolana en la Semana de la Energ\u00eda de Rusia, que se realizar\u00e1 en Mosc\u00fa del 26 al 28 de septiembre, inform\u00f3 el embajador de la naci\u00f3n bolivariana en Mosc\u00fa, Jes\u00fas Rafael Salazar Vel\u00e1squez, a la agencia de noticias TASS.<\/p>\n\n\n\n<p>As\u00ed lo confirm\u00f3 el diplom\u00e1tico tras la reuni\u00f3n de altos representantes de los BRICS encargados de la seguridad celebrada en San Petersburgo, espacio donde subray\u00f3 el compromiso de Venezuela con la cooperaci\u00f3n internacional en temas de seguridad. El encuentro reuni\u00f3 a delegaciones de aproximadamente 20 pa\u00edses, incluyendo a Turqu\u00eda y Serbia, para discutir temas cr\u00edticos de seguridad nacional, regional e internacional.<\/p>\n\n\n\n<p>El s\u00e9ptimo Foro Internacional Semana de la Energ\u00eda de Rusia est\u00e1 organizado por la Fundaci\u00f3n Roscongress y el Ministerio de Energ\u00eda de ese pa\u00eds.<\/p>\n\n\n\n<p>El a\u00f1o pasado, al Foro Internacional Semana de la Energ\u00eda de Rusia asistieron autoridades p\u00fablicas de distintos pa\u00edses, directivos de las principales empresas y organizaciones energ\u00e9ticas, cient\u00edficos y expertos. Durante el evento, se realizaron debates especializados espec\u00edficos del sector de la mano de expertos de todo el mundo donde se reuni\u00f3 a todos los interesados en el desarrollo conjunto de energ\u00eda.<\/p>\n\n\n\n<p><strong>Con informaci\u00f3n de VTV<\/strong><\/p>\n","protected":false},"excerpt":{"rendered":"<p>La vicepresidenta de la Rep\u00fablica, Delcy Rodr\u00edguez, encabezar\u00e1 la delegaci\u00f3n venezolana en la Semana de la Energ\u00eda de Rusia, que se realizar\u00e1 en Mosc\u00fa del 26 al 28 de septiembre, inform\u00f3 el embajador de la naci\u00f3n bolivariana en Mosc\u00fa, Jes\u00fas Rafael Salazar Vel\u00e1squez, a la agencia de noticias TASS. As\u00ed lo confirm\u00f3 el diplom\u00e1tico tras [&hellip;]<\/p>\n","protected":false},"author":2,"featured_media":248293,"comment_status":"closed","ping_status":"closed","sticky":false,"template":"","format":"standard","meta":{"footnotes":""},"categories":[11],"tags":[],"class_list":{"0":"post-248292","1":"post","2":"type-post","3":"status-publish","4":"format-standard","5":"has-post-thumbnail","7":"category-politica"},"_links":{"self":[{"href":"https:\/\/elluchador.info\/index.php?rest_route=\/wp\/v2\/posts\/248292","targetHints":{"allow":["GET"]}}],"collection":[{"href":"https:\/\/elluchador.info\/index.php?rest_route=\/wp\/v2\/posts"}],"about":[{"href":"https:\/\/elluchador.info\/index.php?rest_route=\/wp\/v2\/types\/post"}],"author":[{"embeddable":true,"href":"https:\/\/elluchador.info\/index.php?rest_route=\/wp\/v2\/users\/2"}],"replies":[{"embeddable":true,"href":"https:\/\/elluchador.info\/index.php?rest_route=%2Fwp%2Fv2%2Fcomments&post=248292"}],"version-history":[{"count":1,"href":"https:\/\/elluchador.info\/index.php?rest_route=\/wp\/v2\/posts\/248292\/revisions"}],"predecessor-version":[{"id":248294,"href":"https:\/\/elluchador.info\/index.php?rest_route=\/wp\/v2\/posts\/248292\/revisions\/248294"}],"wp:featuredmedia":[{"embeddable":true,"href":"https:\/\/elluchador.info\/index.php?rest_route=\/wp\/v2\/media\/248293"}],"wp:attachment":[{"href":"https:\/\/elluchador.info\/index.php?rest_route=%2Fwp%2Fv2%2Fmedia&parent=248292"}],"wp:term":[{"taxonomy":"category","embeddable":true,"href":"https:\/\/elluchador.info\/index.php?rest_route=%2Fwp%2Fv2%2Fcategories&post=248292"},{"taxonomy":"post_tag","embeddable":true,"href":"https:\/\/elluchador.info\/index.php?rest_route=%2Fwp%2Fv2%2Ftags&post=248292"}],"curies":[{"name":"wp","href":"https:\/\/api.w.org\/{rel}","templated":true}]}}