{"id":248298,"date":"2024-09-12T14:20:00","date_gmt":"2024-09-12T18:20:00","guid":{"rendered":"https:\/\/elluchador.info\/?p=248298"},"modified":"2024-09-12T13:48:45","modified_gmt":"2024-09-12T17:48:45","slug":"convocatoria-nacional-de-proyectos-de-innovacion-tecnologica-productiva-comenzara-el-18-sep","status":"publish","type":"post","link":"https:\/\/elluchador.info\/?p=248298","title":{"rendered":"Convocatoria Nacional de Proyectos de Innovaci\u00f3n Tecnol\u00f3gica Productiva comenzar\u00e1 el 18 Sep"},"content":{"rendered":"\n<p>La vicepresidenta sectorial de Ciencia, Tecnolog\u00eda y Salud,\u00a0Gabriela Jim\u00e9nez, anunci\u00f3 que el pr\u00f3ximo 18 de septiembre iniciar\u00e1 la Convocatoria Nacional de Proyectos de Innovaci\u00f3n Tecnol\u00f3gica Productiva 2024 \u201cLos poderes creadores del Pueblo, La Innovaci\u00f3n Tecnol\u00f3gica Frente a las Sanciones\u201d.<\/p>\n\n\n\n<p>Mediante su\u00a0cuenta\u00a0en la red social Instagram, la tambi\u00e9n ministra para Ciencia y Tecnolog\u00eda detall\u00f3 que esta convocatoria es propicia para avanzar en acciones que contribuyan a mitigar y combatir los efectos de las medidas coercitivas unilaterales (MCU).<\/p>\n\n\n\n<p>Adem\u00e1s, recalc\u00f3 que estas medidas \u201catacan directamente a nuestro sector productivo, en perjuicio del desarrollo nacional\u201d.<\/p>\n\n\n\n<p>\u201cEst\u00e1 convocatoria iniciar\u00e1 el 18 de septiembre a trav\u00e9s del portal www.oncti.gob.ve (@oncti_mppct) en el apartado del Registro Venezolano de Ciencia Tecnolog\u00eda e Innovaci\u00f3n (Recitven)\u201d, acot\u00f3.<\/p>\n\n\n\n<p>Jim\u00e9nez indic\u00f3 que esta iniciativa forma parte de una pol\u00edtica sostenida por el presidente de la rep\u00fablica, Nicol\u00e1s Maduro, \u201cde atenci\u00f3n directa a los sectores productivos e innovadores de la patria\u201d.<\/p>\n\n\n\n<p>De acuerdo con una\u00a0nota de prensa\u00a0del Ministerio, la convocatoria se mantendr\u00e1 hasta el venidero 18 de octubre.<\/p>\n\n\n\n<h2 class=\"wp-block-heading\">Reuni\u00f3n con centros de investigaci\u00f3n cient\u00edfica<\/h2>\n\n\n\n<p>La ministra Jim\u00e9nez tambi\u00e9n inform\u00f3 sobre una reuni\u00f3n sostenida con representantes de los centros de investigaci\u00f3n cient\u00edfica, telecomunicaciones y entes adscritos del Ministerio para la Ciencia y Tecnolog\u00eda.<\/p>\n\n\n\n<p>En esta reuni\u00f3n revisaron los avances de la Gran Misi\u00f3n Ciencia, Tecnolog\u00eda e Innovaci\u00f3n Dr. Humberto Fern\u00e1ndez Mor\u00e1n.<\/p>\n\n\n\n<p><strong><em>Con informaci\u00f3n de \u00daN.<\/em><\/strong><\/p>\n","protected":false},"excerpt":{"rendered":"<p>La vicepresidenta sectorial de Ciencia, Tecnolog\u00eda y Salud,\u00a0Gabriela Jim\u00e9nez, anunci\u00f3 que el pr\u00f3ximo 18 de septiembre iniciar\u00e1 la Convocatoria Nacional de Proyectos de Innovaci\u00f3n Tecnol\u00f3gica Productiva 2024 \u201cLos poderes creadores del Pueblo, La Innovaci\u00f3n Tecnol\u00f3gica Frente a las Sanciones\u201d. Mediante su\u00a0cuenta\u00a0en la red social Instagram, la tambi\u00e9n ministra para Ciencia y Tecnolog\u00eda detall\u00f3 que esta [&hellip;]<\/p>\n","protected":false},"author":2,"featured_media":248299,"comment_status":"closed","ping_status":"closed","sticky":false,"template":"","format":"standard","meta":{"footnotes":""},"categories":[5,14],"tags":[],"class_list":{"0":"post-248298","1":"post","2":"type-post","3":"status-publish","4":"format-standard","5":"has-post-thumbnail","7":"category-destacado","8":"category-tecnologia"},"_links":{"self":[{"href":"https:\/\/elluchador.info\/index.php?rest_route=\/wp\/v2\/posts\/248298","targetHints":{"allow":["GET"]}}],"collection":[{"href":"https:\/\/elluchador.info\/index.php?rest_route=\/wp\/v2\/posts"}],"about":[{"href":"https:\/\/elluchador.info\/index.php?rest_route=\/wp\/v2\/types\/post"}],"author":[{"embeddable":true,"href":"https:\/\/elluchador.info\/index.php?rest_route=\/wp\/v2\/users\/2"}],"replies":[{"embeddable":true,"href":"https:\/\/elluchador.info\/index.php?rest_route=%2Fwp%2Fv2%2Fcomments&post=248298"}],"version-history":[{"count":1,"href":"https:\/\/elluchador.info\/index.php?rest_route=\/wp\/v2\/posts\/248298\/revisions"}],"predecessor-version":[{"id":248300,"href":"https:\/\/elluchador.info\/index.php?rest_route=\/wp\/v2\/posts\/248298\/revisions\/248300"}],"wp:featuredmedia":[{"embeddable":true,"href":"https:\/\/elluchador.info\/index.php?rest_route=\/wp\/v2\/media\/248299"}],"wp:attachment":[{"href":"https:\/\/elluchador.info\/index.php?rest_route=%2Fwp%2Fv2%2Fmedia&parent=248298"}],"wp:term":[{"taxonomy":"category","embeddable":true,"href":"https:\/\/elluchador.info\/index.php?rest_route=%2Fwp%2Fv2%2Fcategories&post=248298"},{"taxonomy":"post_tag","embeddable":true,"href":"https:\/\/elluchador.info\/index.php?rest_route=%2Fwp%2Fv2%2Ftags&post=248298"}],"curies":[{"name":"wp","href":"https:\/\/api.w.org\/{rel}","templated":true}]}}