{"id":248307,"date":"2024-09-12T14:40:00","date_gmt":"2024-09-12T18:40:00","guid":{"rendered":"https:\/\/elluchador.info\/?p=248307"},"modified":"2024-09-12T13:57:06","modified_gmt":"2024-09-12T17:57:06","slug":"evaluan-cinco-conexiones-aereas-con-colombia","status":"publish","type":"post","link":"https:\/\/elluchador.info\/?p=248307","title":{"rendered":"Eval\u00faan cinco conexiones a\u00e9reas con Colombia"},"content":{"rendered":"\n<p>Entes nacionales y regionales del Gobierno venezolano eval\u00faan cinco potenciales destinos tur\u00edsticos para interconexi\u00f3n a\u00e9rea desde el Aeropuerto Internacional \u201cJuan Pablo P\u00e9rez Alfonzo\u201d de El Vig\u00eda, con miras a implementar estrategias evaluadas en el II Intercambio Binacional Tur\u00edstico Venezuela-Colombia.<\/p>\n\n\n\n<p>Estos destinos \u201cson C\u00facuta, Bogot\u00e1 y Cartagena; Punto Fijo y Coro\u201d, inform\u00f3 el gobernador del estado M\u00e9rida, Jehyson Guzm\u00e1n, al hacer un balance de la \u00faltima reuni\u00f3n de trabajo con el ministro de Transporte, Ram\u00f3n Vel\u00e1squez.<\/p>\n\n\n\n<p>La idea es evaluar rutas para potenciar el aprovechamiento tur\u00edstico y comercial del aeropuerto de El Vig\u00eda, indica un informe de la Gobernaci\u00f3n de M\u00e9rida, analizado este mi\u00e9rcoles por la Agencia Venezolana de Noticias (AVN).<\/p>\n\n\n\n<p>En las conversaciones para materializar estas estrategias participan la aerol\u00ednea estatal Conviasa, el Instituto Nacional de Aeron\u00e1utica Civil de Venezuela (INAC) y empresas prestadoras de servicios tur\u00edsticos.<\/p>\n\n\n\n<p>Se trata de objetivos que recibieron el visto bueno del Ejecutivo Nacional en la jornada principal del IBT Venezuela-Colombia, celebrada el reciente jueves 5 de septiembre en Caracas.<\/p>\n\n\n\n<p>En esta actividad el gobernador Guzm\u00e1n expuso las potencialidades del aeropuerto de El Vig\u00eda como punto de enlace y conexi\u00f3n para intercambio tur\u00edstico con Colombia y otros destinos de Sudam\u00e9rica<\/p>\n\n\n\n<p>Al respecto, \u201cSi El Vig\u00eda puede ser un eje de la conexi\u00f3n (a\u00e9rea) colombo-venezolana y suramericana, h\u00e1ganlo. Est\u00e1 autorizado, avancen en esa direcci\u00f3n\u201d, instruy\u00f3 en dicho foro el presidente de la Rep\u00fablica, Nicol\u00e1s Maduro.<\/p>\n\n\n\n<p>El Presidente orient\u00f3 que los gobernadores de M\u00e9rida y T\u00e1chira optimicen la vialidad entre los dos estados, como \u201cun corredor\u201d de intercambio tur\u00edstico, tarea que ya est\u00e1 abonada con la recuperaci\u00f3n acometida por parte del Gobierno, incluida la construcci\u00f3n de un nuevo puente en Onia, municipio Alberto Adriani de M\u00e9rida.<\/p>\n\n\n\n<p><strong><em>Con informaci\u00f3n de \u00daN.<\/em><\/strong><\/p>\n","protected":false},"excerpt":{"rendered":"<p>Entes nacionales y regionales del Gobierno venezolano eval\u00faan cinco potenciales destinos tur\u00edsticos para interconexi\u00f3n a\u00e9rea desde el Aeropuerto Internacional \u201cJuan Pablo P\u00e9rez Alfonzo\u201d de El Vig\u00eda, con miras a implementar estrategias evaluadas en el II Intercambio Binacional Tur\u00edstico Venezuela-Colombia. Estos destinos \u201cson C\u00facuta, Bogot\u00e1 y Cartagena; Punto Fijo y Coro\u201d, inform\u00f3 el gobernador del estado [&hellip;]<\/p>\n","protected":false},"author":2,"featured_media":248308,"comment_status":"closed","ping_status":"closed","sticky":false,"template":"","format":"standard","meta":{"footnotes":""},"categories":[6],"tags":[],"class_list":{"0":"post-248307","1":"post","2":"type-post","3":"status-publish","4":"format-standard","5":"has-post-thumbnail","7":"category-economia"},"_links":{"self":[{"href":"https:\/\/elluchador.info\/index.php?rest_route=\/wp\/v2\/posts\/248307","targetHints":{"allow":["GET"]}}],"collection":[{"href":"https:\/\/elluchador.info\/index.php?rest_route=\/wp\/v2\/posts"}],"about":[{"href":"https:\/\/elluchador.info\/index.php?rest_route=\/wp\/v2\/types\/post"}],"author":[{"embeddable":true,"href":"https:\/\/elluchador.info\/index.php?rest_route=\/wp\/v2\/users\/2"}],"replies":[{"embeddable":true,"href":"https:\/\/elluchador.info\/index.php?rest_route=%2Fwp%2Fv2%2Fcomments&post=248307"}],"version-history":[{"count":1,"href":"https:\/\/elluchador.info\/index.php?rest_route=\/wp\/v2\/posts\/248307\/revisions"}],"predecessor-version":[{"id":248309,"href":"https:\/\/elluchador.info\/index.php?rest_route=\/wp\/v2\/posts\/248307\/revisions\/248309"}],"wp:featuredmedia":[{"embeddable":true,"href":"https:\/\/elluchador.info\/index.php?rest_route=\/wp\/v2\/media\/248308"}],"wp:attachment":[{"href":"https:\/\/elluchador.info\/index.php?rest_route=%2Fwp%2Fv2%2Fmedia&parent=248307"}],"wp:term":[{"taxonomy":"category","embeddable":true,"href":"https:\/\/elluchador.info\/index.php?rest_route=%2Fwp%2Fv2%2Fcategories&post=248307"},{"taxonomy":"post_tag","embeddable":true,"href":"https:\/\/elluchador.info\/index.php?rest_route=%2Fwp%2Fv2%2Ftags&post=248307"}],"curies":[{"name":"wp","href":"https:\/\/api.w.org\/{rel}","templated":true}]}}