{"id":248368,"date":"2024-09-12T17:50:00","date_gmt":"2024-09-12T21:50:00","guid":{"rendered":"https:\/\/elluchador.info\/?p=248368"},"modified":"2024-09-12T16:31:52","modified_gmt":"2024-09-12T20:31:52","slug":"venezuela-rechaza-ataques-del-gobierno-argentino-en-la-onu","status":"publish","type":"post","link":"https:\/\/elluchador.info\/?p=248368","title":{"rendered":"Venezuela rechaza ataques del Gobierno argentino en la ONU"},"content":{"rendered":"\n<p>El Gobierno de la Rep\u00fablica Bolivariana de Venezuela, junto a 40 pa\u00edses, rechaz\u00f3 los ataques del Gobierno de Argentina, durante la 57 \u00b0 sesi\u00f3n del Consejo de Derechos Humanos de las Naciones Unidas, celebrado en Ginebra, Suiza. Al respecto, el ministro del Poder Popular para las Relaciones Exteriores, Yv\u00e1n Gil, expres\u00f3 que, \u201cVenezuela rechaza las aspiraciones de lo que intenta ser una nueva versi\u00f3n del fallido Grupo de Lima, liderado por el gobierno de corte fascistoide de Javier Milei\u201d.<\/p>\n\n\n\n<p>Advirti\u00f3 que este grupo busca utilizar \u201clos derechos humanos como herramienta para atacar a naciones soberanas que han optado por proyectos pol\u00edticos, populares y antiimperialistas. Es importante recordar que estos pa\u00edses est\u00e1n subordinados a los intereses de Estados Unidos y son c\u00f3mplices del genocidio israel\u00ed en Gaza. Sus declaraciones deber\u00edan emplearlas contra ellos mismos y ser juzgados por sus pueblos\u201d.<\/p>\n\n\n\n<p>Durante su intervenci\u00f3n en el Consejo de Derechos Humanos de la ONU, el representante de Venezuela, Alexander Y\u00e1nez Deleuze, dijo que, detr\u00e1s de estos ataques, se encuentra los Estados Unidos. \u201cEllos insisten en utilizar este consejo, para aplicar la doctrina de m\u00e1xima presi\u00f3n contra Venezuela, a ellos no les importa el derecho internacional, muestra de ello es lo que ocurre en Gaza, ante el genocidio son inactivos, pero con Venezuela utilizan esta instancia para atacar a un pueblo que resiste las medidas coercitivas unilaterales\u201d, dijo .<\/p>\n\n\n\n<p><strong><em>Con informaci\u00f3n de VTV<\/em><\/strong><\/p>\n\n\n\n<p><\/p>\n","protected":false},"excerpt":{"rendered":"<p>El Gobierno de la Rep\u00fablica Bolivariana de Venezuela, junto a 40 pa\u00edses, rechaz\u00f3 los ataques del Gobierno de Argentina, durante la 57 \u00b0 sesi\u00f3n del Consejo de Derechos Humanos de las Naciones Unidas, celebrado en Ginebra, Suiza. Al respecto, el ministro del Poder Popular para las Relaciones Exteriores, Yv\u00e1n Gil, expres\u00f3 que, \u201cVenezuela rechaza las [&hellip;]<\/p>\n","protected":false},"author":2,"featured_media":248369,"comment_status":"closed","ping_status":"closed","sticky":false,"template":"","format":"standard","meta":{"footnotes":""},"categories":[5,11],"tags":[],"class_list":{"0":"post-248368","1":"post","2":"type-post","3":"status-publish","4":"format-standard","5":"has-post-thumbnail","7":"category-destacado","8":"category-politica"},"_links":{"self":[{"href":"https:\/\/elluchador.info\/index.php?rest_route=\/wp\/v2\/posts\/248368","targetHints":{"allow":["GET"]}}],"collection":[{"href":"https:\/\/elluchador.info\/index.php?rest_route=\/wp\/v2\/posts"}],"about":[{"href":"https:\/\/elluchador.info\/index.php?rest_route=\/wp\/v2\/types\/post"}],"author":[{"embeddable":true,"href":"https:\/\/elluchador.info\/index.php?rest_route=\/wp\/v2\/users\/2"}],"replies":[{"embeddable":true,"href":"https:\/\/elluchador.info\/index.php?rest_route=%2Fwp%2Fv2%2Fcomments&post=248368"}],"version-history":[{"count":1,"href":"https:\/\/elluchador.info\/index.php?rest_route=\/wp\/v2\/posts\/248368\/revisions"}],"predecessor-version":[{"id":248370,"href":"https:\/\/elluchador.info\/index.php?rest_route=\/wp\/v2\/posts\/248368\/revisions\/248370"}],"wp:featuredmedia":[{"embeddable":true,"href":"https:\/\/elluchador.info\/index.php?rest_route=\/wp\/v2\/media\/248369"}],"wp:attachment":[{"href":"https:\/\/elluchador.info\/index.php?rest_route=%2Fwp%2Fv2%2Fmedia&parent=248368"}],"wp:term":[{"taxonomy":"category","embeddable":true,"href":"https:\/\/elluchador.info\/index.php?rest_route=%2Fwp%2Fv2%2Fcategories&post=248368"},{"taxonomy":"post_tag","embeddable":true,"href":"https:\/\/elluchador.info\/index.php?rest_route=%2Fwp%2Fv2%2Ftags&post=248368"}],"curies":[{"name":"wp","href":"https:\/\/api.w.org\/{rel}","templated":true}]}}