{"id":248378,"date":"2024-09-13T07:55:00","date_gmt":"2024-09-13T11:55:00","guid":{"rendered":"https:\/\/elluchador.info\/?p=248378"},"modified":"2024-09-13T10:29:48","modified_gmt":"2024-09-13T14:29:48","slug":"ministro-gil-convoca-a-consulta-al-embajador-de-espana-en-venezuela-para-este-13-s","status":"publish","type":"post","link":"https:\/\/elluchador.info\/?p=248378","title":{"rendered":"Canciller Gil convoca a consulta al embajador de Espa\u00f1a en Venezuela para este 13-S"},"content":{"rendered":"\n<p>A trav\u00e9s de su cuenta en la red social Telegram, el Canciller de la Rep\u00fablica, Yv\u00e1n Gil; comunic\u00f3 que el Gobierno de la Rep\u00fablica Bolivariana de Venezuela decidi\u00f3 convocar a consultas a la embajadora asignada al Reino de Espa\u00f1a, Gladys Guti\u00e9rrez; as\u00ed como al embajador de Espa\u00f1a en Caracas, Ram\u00f3n Santos Mart\u00ednez, para que ambos comparezcan, el pr\u00f3ximo viernes 13 de septiembre, en la sede de la Canciller\u00eda venezolana.<\/p>\n\n\n\n<p>La convocatoria responde a las recientes declaraciones de la ministra de Defensa espa\u00f1ola, Margarita Robles, quien expres\u00f3 desmesurada hostilidad al Gobierno nacional.<\/p>\n\n\n\n<p>El canciller Gil, calific\u00f3 como \u201cinsolentes, injerencistas y groseras\u201d las afirmaciones emitidas por Robles, las cuales \u201capuntan a un deterioro de las relaciones entre ambos pa\u00edses\u201c. Por ende, el diplom\u00e1tico anunci\u00f3 una llamada a consultas a Guti\u00e9rrez y a Santos Mart\u00ednez, \u201ca comparecer en la sede del Ministerio del Poder Popular para las Relaciones Exteriores\u201d.<\/p>\n\n\n\n<p>Vale destacar que, en una instancia previa, el presidente de la Asamblea Nacional, Jorge Rodr\u00edguez, solicit\u00f3 el pasado mi\u00e9rcoles que el Gobierno Bolivariano rompiera relaciones con la naci\u00f3n europea, adem\u00e1s de pedir la expulsi\u00f3n de los representantes de la delegaci\u00f3n espa\u00f1ola presente en Caracas; todo esto en respuesta a la ileg\u00edtima e injerencista designaci\u00f3n del excandidato, Edmundo Gonz\u00e1lez, como presidente electo de Venezuela por parte del Congreso de los Diputados de Espa\u00f1a.<\/p>\n\n\n\n<p>Con informaci\u00f3n de agencias.-<\/p>\n","protected":false},"excerpt":{"rendered":"<p>A trav\u00e9s de su cuenta en la red social Telegram, el Canciller de la Rep\u00fablica, Yv\u00e1n Gil; comunic\u00f3 que el Gobierno de la Rep\u00fablica Bolivariana de Venezuela decidi\u00f3 convocar a consultas a la embajadora asignada al Reino de Espa\u00f1a, Gladys Guti\u00e9rrez; as\u00ed como al embajador de Espa\u00f1a en Caracas, Ram\u00f3n Santos Mart\u00ednez, para que ambos [&hellip;]<\/p>\n","protected":false},"author":38,"featured_media":248379,"comment_status":"closed","ping_status":"closed","sticky":false,"template":"","format":"standard","meta":{"footnotes":""},"categories":[11],"tags":[105],"class_list":{"0":"post-248378","1":"post","2":"type-post","3":"status-publish","4":"format-standard","5":"has-post-thumbnail","7":"category-politica","8":"tag-venezuela"},"_links":{"self":[{"href":"https:\/\/elluchador.info\/index.php?rest_route=\/wp\/v2\/posts\/248378","targetHints":{"allow":["GET"]}}],"collection":[{"href":"https:\/\/elluchador.info\/index.php?rest_route=\/wp\/v2\/posts"}],"about":[{"href":"https:\/\/elluchador.info\/index.php?rest_route=\/wp\/v2\/types\/post"}],"author":[{"embeddable":true,"href":"https:\/\/elluchador.info\/index.php?rest_route=\/wp\/v2\/users\/38"}],"replies":[{"embeddable":true,"href":"https:\/\/elluchador.info\/index.php?rest_route=%2Fwp%2Fv2%2Fcomments&post=248378"}],"version-history":[{"count":2,"href":"https:\/\/elluchador.info\/index.php?rest_route=\/wp\/v2\/posts\/248378\/revisions"}],"predecessor-version":[{"id":248416,"href":"https:\/\/elluchador.info\/index.php?rest_route=\/wp\/v2\/posts\/248378\/revisions\/248416"}],"wp:featuredmedia":[{"embeddable":true,"href":"https:\/\/elluchador.info\/index.php?rest_route=\/wp\/v2\/media\/248379"}],"wp:attachment":[{"href":"https:\/\/elluchador.info\/index.php?rest_route=%2Fwp%2Fv2%2Fmedia&parent=248378"}],"wp:term":[{"taxonomy":"category","embeddable":true,"href":"https:\/\/elluchador.info\/index.php?rest_route=%2Fwp%2Fv2%2Fcategories&post=248378"},{"taxonomy":"post_tag","embeddable":true,"href":"https:\/\/elluchador.info\/index.php?rest_route=%2Fwp%2Fv2%2Ftags&post=248378"}],"curies":[{"name":"wp","href":"https:\/\/api.w.org\/{rel}","templated":true}]}}