{"id":248395,"date":"2024-09-13T09:10:31","date_gmt":"2024-09-13T13:10:31","guid":{"rendered":"https:\/\/elluchador.info\/?p=248395"},"modified":"2024-09-13T09:10:34","modified_gmt":"2024-09-13T13:10:34","slug":"agentes-del-sebin-detienen-al-coordinador-de-prociudadanos-leocenis-garcia","status":"publish","type":"post","link":"https:\/\/elluchador.info\/?p=248395","title":{"rendered":"Agentes del Sebin detienen al coordinador de Prociudadanos Leocenis Garc\u00eda"},"content":{"rendered":"\n<p>Agentes del Sebin detienen al coordinador de Prociudadanos, Leocenis Garc\u00eda<br>La informaci\u00f3n fue dada a conocer en horas de la madrugada del viernes por Mar\u00eda Luc\u00eda Garc\u00eda, hermana de Leocenis. Especific\u00f3 que \u00e9l estar\u00eda siendo acusado de \u00abterrorismo\u00bb, luego de colgar un video donde asegura que el CNE ha cometido un \u00abfraude electoral\u00bb<\/p>\n\n\n\n<p>La informaci\u00f3n fue dada a conocer en horas de la madrugada del viernes por Mar\u00eda Luc\u00eda Garc\u00eda, hermana de Leocenis, a trav\u00e9s de la red social X.<\/p>\n\n\n\n<p>\u00abQuiero informarle al pa\u00eds y la comunidad internacional que est\u00e1 noche fuimos notificados que mi hermano fue detenido por funcionarios del Sebin ayer en horas de la tarde en La Castellana (Caracas)\u00bb, destac\u00f3 Mar\u00eda.<\/p>\n\n\n\n<p>As\u00ed tambi\u00e9n, especific\u00f3 que estar\u00eda siendo acusado de \u00abterrorismo\u00bb, luego de colgar un video en sus redes sociales, donde asegura que el Gobierno ha \u00abultrajado\u00bb la Constituci\u00f3n Nacional y asegur\u00f3 que el 28 de julio hubo un \u00abfraude electoral\u00bb.<\/p>\n\n\n\n<p>Leocenis Garc\u00eda, ante el \u00abdestierro\u00bb de Edmundo Gonz\u00e1lez (por quien invit\u00f3 a votar al no poder inscribir su candidatura en el CNE), precisa que \u00aben el avi\u00f3n han montado a un hombre, pero no a los siete millones de votos que derrotaron al Gobierno y que fueron vistos por la Fanb, los testigos del Gobierno y la oposici\u00f3n\u00bb.<\/p>\n\n\n\n<p>Con informaci\u00f3n de agencias.-<\/p>\n","protected":false},"excerpt":{"rendered":"<p>Agentes del Sebin detienen al coordinador de Prociudadanos, Leocenis Garc\u00edaLa informaci\u00f3n fue dada a conocer en horas de la madrugada del viernes por Mar\u00eda Luc\u00eda Garc\u00eda, hermana de Leocenis. Especific\u00f3 que \u00e9l estar\u00eda siendo acusado de \u00abterrorismo\u00bb, luego de colgar un video donde asegura que el CNE ha cometido un \u00abfraude electoral\u00bb La informaci\u00f3n fue [&hellip;]<\/p>\n","protected":false},"author":38,"featured_media":248396,"comment_status":"closed","ping_status":"closed","sticky":false,"template":"","format":"standard","meta":{"footnotes":""},"categories":[5,11],"tags":[105],"class_list":{"0":"post-248395","1":"post","2":"type-post","3":"status-publish","4":"format-standard","5":"has-post-thumbnail","7":"category-destacado","8":"category-politica","9":"tag-venezuela"},"_links":{"self":[{"href":"https:\/\/elluchador.info\/index.php?rest_route=\/wp\/v2\/posts\/248395","targetHints":{"allow":["GET"]}}],"collection":[{"href":"https:\/\/elluchador.info\/index.php?rest_route=\/wp\/v2\/posts"}],"about":[{"href":"https:\/\/elluchador.info\/index.php?rest_route=\/wp\/v2\/types\/post"}],"author":[{"embeddable":true,"href":"https:\/\/elluchador.info\/index.php?rest_route=\/wp\/v2\/users\/38"}],"replies":[{"embeddable":true,"href":"https:\/\/elluchador.info\/index.php?rest_route=%2Fwp%2Fv2%2Fcomments&post=248395"}],"version-history":[{"count":1,"href":"https:\/\/elluchador.info\/index.php?rest_route=\/wp\/v2\/posts\/248395\/revisions"}],"predecessor-version":[{"id":248397,"href":"https:\/\/elluchador.info\/index.php?rest_route=\/wp\/v2\/posts\/248395\/revisions\/248397"}],"wp:featuredmedia":[{"embeddable":true,"href":"https:\/\/elluchador.info\/index.php?rest_route=\/wp\/v2\/media\/248396"}],"wp:attachment":[{"href":"https:\/\/elluchador.info\/index.php?rest_route=%2Fwp%2Fv2%2Fmedia&parent=248395"}],"wp:term":[{"taxonomy":"category","embeddable":true,"href":"https:\/\/elluchador.info\/index.php?rest_route=%2Fwp%2Fv2%2Fcategories&post=248395"},{"taxonomy":"post_tag","embeddable":true,"href":"https:\/\/elluchador.info\/index.php?rest_route=%2Fwp%2Fv2%2Ftags&post=248395"}],"curies":[{"name":"wp","href":"https:\/\/api.w.org\/{rel}","templated":true}]}}