{"id":248401,"date":"2024-09-13T10:13:21","date_gmt":"2024-09-13T14:13:21","guid":{"rendered":"https:\/\/elluchador.info\/?p=248401"},"modified":"2024-09-13T10:13:24","modified_gmt":"2024-09-13T14:13:24","slug":"muere-actor-chad-mcqueen-a-los-63-anos","status":"publish","type":"post","link":"https:\/\/elluchador.info\/?p=248401","title":{"rendered":"Muere actor Chad McQueen a los 63 a\u00f1os"},"content":{"rendered":"\n<p>El actor Chad McQueen, conocido principalmente por su papel en \u2018Karate Kid\u2019, muri\u00f3 este mi\u00e9rcoles a los 63 a\u00f1os en su casa de Palm Desert, en California, seg\u00fan ha informado su familia en una publicaci\u00f3n en sus redes sociales.<\/p>\n\n\n\n<p>\u00abCon gran pesar anunciamos el fallecimiento de nuestro padre\u00bb, han anunciado sus hijos.<\/p>\n\n\n\n<p>El int\u00e9rprete, hijo del conocido actor de Hollywood Steve McQueen y una de las estrellas mejores pagadas en la d\u00e9cada de los 60 y 70, ha muerto a causa de una disfunci\u00f3n multiorg\u00e1nica, seg\u00fan ha explicado su abogado y amigo, y recoge \u2018The New York Times\u2019.<\/p>\n\n\n\n<p>McQueen es conocido principalmente por su papel como Dutch en \u2018Karate Kid\u2019, un mat\u00f3n de Cobra Kai que junto con sus colegas se dedica a intimidar a Daniel LaRusso. Adem\u00e1s tuvo papeles protagonistas en otras pel\u00edculas de acci\u00f3n, como \u2018Martial Law\u2019, \u2018A la caza del hombre\u2019 y \u2018Mercanc\u00eda peligrosa\u2019.<\/p>\n\n\n\n<p>No obstante, McQueen sigui\u00f3 los pasos de su padre y se decant\u00f3 por el automovilismo, dejando Hollywood a un lado. Su trayectoria profesional en el mundo de las carreras empez\u00f3 en el Sports Car Club of America (SCCA), pero compiti\u00f3 tambi\u00e9n en eventos como las 24 horas de Le Mans y las 12 horas de Sebring, entre otros.<\/p>\n\n\n\n<p>En 2006, el actor result\u00f3 gravemente herido tras sufrir un accidente mientras practicaba en la Daytona International Speedway para la carrera de coches deportivos \u2018Las 24 Horas de Daytona\u2019. Como consecuencia se rompi\u00f3 el cuello, la pierna, el brazo y sufri\u00f3 varias fracturas en las v\u00e9rtebras y las costillas, adem\u00e1s de un colapso pulmonar. Estuvo casi un mes en coma. Cuatro a\u00f1os m\u00e1s tarde fundar\u00eda una empresa encargada del desarrollo de autom\u00f3viles y motocicletas de alto rendimiento, McQueen Racing.<\/p>\n\n\n\n<p>El int\u00e9rprete naci\u00f3 en diciembre de 1960 en Los \u00c1ngeles y se crio en el sur de California. Al igual que su padre, su madre, Neile Adamsn era actriz, adem\u00e1s de bailarina y cantante. McQueen se cas\u00f3 dos veces: primero con la actriz Stacey Toten, con quien tuvo un hijo, Steven McQueen \u2013conocido por interpretar a Jeremy Gilbert en \u2018Cr\u00f3nicas Vamp\u00edricas\u2019\u2013, y tres a\u00f1os despu\u00e9s comenzar\u00eda una relaci\u00f3n con Jeanie Galbraith, con quien tuvo otros dos hijos.<\/p>\n\n\n\n<p>Sus hijos han compartido un cari\u00f1oso mensaje en Instagram, donde han publicado una foto de su padre de ni\u00f1o junto a Steve McQueen:<br>\u00abSu notable viaje como un padre amoroso para nosotros, junto con su inquebrantable compromiso con nuestra madre, verdaderamente ejemplificaron una vida llena de amor y dedicaci\u00f3n\u00bb, han escrito.<\/p>\n\n\n\n<p>Su familia ha destacado tambi\u00e9n en el mensaje su pasi\u00f3n por las carreras. \u00abNo solo resalt\u00f3 su talento excepcional, sino que tambi\u00e9n sirvi\u00f3 como una manera de honrar el legado de su padre, un testimonio de los valores que se le inculcaron\u00bb\u00bb, han manifestado sus hijos, quienes han se\u00f1alado que continuar\u00e1n con el legado que les ha dejado su padre.<\/p>\n\n\n\n<p>Por \u00faltimo, sus hijos han pedido privacidad para superar la p\u00e9rdida de Chad McQueen. \u00abComo familia tenemos que navegar por este momento dif\u00edcil y pedimos amablemente privacidad mientras recordamos y celebramos su extraordinaria vida\u00bb, han expresado.<\/p>\n\n\n\n<p>Con informaci\u00f3n de agencias.-<\/p>\n","protected":false},"excerpt":{"rendered":"<p>El actor Chad McQueen, conocido principalmente por su papel en \u2018Karate Kid\u2019, muri\u00f3 este mi\u00e9rcoles a los 63 a\u00f1os en su casa de Palm Desert, en California, seg\u00fan ha informado su familia en una publicaci\u00f3n en sus redes sociales. \u00abCon gran pesar anunciamos el fallecimiento de nuestro padre\u00bb, han anunciado sus hijos. El int\u00e9rprete, hijo [&hellip;]<\/p>\n","protected":false},"author":38,"featured_media":248402,"comment_status":"closed","ping_status":"closed","sticky":false,"template":"","format":"standard","meta":{"footnotes":""},"categories":[7],"tags":[448],"class_list":{"0":"post-248401","1":"post","2":"type-post","3":"status-publish","4":"format-standard","5":"has-post-thumbnail","7":"category-entretenimiento","8":"tag-mundo"},"_links":{"self":[{"href":"https:\/\/elluchador.info\/index.php?rest_route=\/wp\/v2\/posts\/248401","targetHints":{"allow":["GET"]}}],"collection":[{"href":"https:\/\/elluchador.info\/index.php?rest_route=\/wp\/v2\/posts"}],"about":[{"href":"https:\/\/elluchador.info\/index.php?rest_route=\/wp\/v2\/types\/post"}],"author":[{"embeddable":true,"href":"https:\/\/elluchador.info\/index.php?rest_route=\/wp\/v2\/users\/38"}],"replies":[{"embeddable":true,"href":"https:\/\/elluchador.info\/index.php?rest_route=%2Fwp%2Fv2%2Fcomments&post=248401"}],"version-history":[{"count":1,"href":"https:\/\/elluchador.info\/index.php?rest_route=\/wp\/v2\/posts\/248401\/revisions"}],"predecessor-version":[{"id":248403,"href":"https:\/\/elluchador.info\/index.php?rest_route=\/wp\/v2\/posts\/248401\/revisions\/248403"}],"wp:featuredmedia":[{"embeddable":true,"href":"https:\/\/elluchador.info\/index.php?rest_route=\/wp\/v2\/media\/248402"}],"wp:attachment":[{"href":"https:\/\/elluchador.info\/index.php?rest_route=%2Fwp%2Fv2%2Fmedia&parent=248401"}],"wp:term":[{"taxonomy":"category","embeddable":true,"href":"https:\/\/elluchador.info\/index.php?rest_route=%2Fwp%2Fv2%2Fcategories&post=248401"},{"taxonomy":"post_tag","embeddable":true,"href":"https:\/\/elluchador.info\/index.php?rest_route=%2Fwp%2Fv2%2Ftags&post=248401"}],"curies":[{"name":"wp","href":"https:\/\/api.w.org\/{rel}","templated":true}]}}