{"id":248438,"date":"2024-09-13T13:46:16","date_gmt":"2024-09-13T17:46:16","guid":{"rendered":"https:\/\/elluchador.info\/?p=248438"},"modified":"2024-09-13T13:46:26","modified_gmt":"2024-09-13T17:46:26","slug":"venezuela-refuerza-vinculos-diplomaticos-con-guinea-bisau","status":"publish","type":"post","link":"https:\/\/elluchador.info\/?p=248438","title":{"rendered":"Venezuela refuerza v\u00ednculos diplom\u00e1ticos con Guinea-Bis\u00e1u"},"content":{"rendered":"\n<p>A trav\u00e9s de su canal de Telegram, el ministro del Poder Popular para las Relaciones Exteriores,<strong>&nbsp;Yv\u00e1n Gil;<\/strong>&nbsp;inform\u00f3&nbsp; que sostuvo una reuni\u00f3n con el asesor presidencial de Guinea-Bis\u00e1u,&nbsp;<strong>Tom\u00e1s Gomes Barbosa<\/strong>, durante la cual se fortalecieron los lazos diplom\u00e1ticos y las relaciones bilaterales entre Venezuela y este pa\u00eds africano.<\/p>\n\n\n\n<p>\u201cHemos llevado a cabo una reuni\u00f3n con Tom\u00e1s Gomes Barbosa, asesor del Presidente de la Rep\u00fablica de Guinea-Bisau\u201d, indic\u00f3 el canciller Gil, adem\u00e1s de enfatizar que el prop\u00f3sito del encuentro era \u201cfortalecer nuestras alianzas diplom\u00e1ticas y fomentar relaciones bilaterales productivas, centradas en el desarrollo y el bienestar de nuestras naciones\u201d, indic\u00f3.<\/p>\n\n\n\n<p>Venezuela reconoci\u00f3 como estado independiente a Guinea-Bis\u00e1u el&nbsp;<strong>23 de agosto de 1974<\/strong>, poco despu\u00e9s de que dicha naci\u00f3n africana triunfara en una guerra por su libertad contra el decadente imperio portugu\u00e9s.\u200b De esta manera, el pa\u00eds sudamericano demostr\u00f3 su eterno compromiso con los pa\u00edses libres que se alzan contra el yugo de sus opresores.<\/p>\n\n\n\n<p><strong><em>Con informaci\u00f3n de<\/em> VTV<\/strong> <\/p>\n","protected":false},"excerpt":{"rendered":"<p>A trav\u00e9s de su canal de Telegram, el ministro del Poder Popular para las Relaciones Exteriores,&nbsp;Yv\u00e1n Gil;&nbsp;inform\u00f3&nbsp; que sostuvo una reuni\u00f3n con el asesor presidencial de Guinea-Bis\u00e1u,&nbsp;Tom\u00e1s Gomes Barbosa, durante la cual se fortalecieron los lazos diplom\u00e1ticos y las relaciones bilaterales entre Venezuela y este pa\u00eds africano. \u201cHemos llevado a cabo una reuni\u00f3n con Tom\u00e1s [&hellip;]<\/p>\n","protected":false},"author":2,"featured_media":248439,"comment_status":"closed","ping_status":"closed","sticky":false,"template":"","format":"standard","meta":{"footnotes":""},"categories":[5,11],"tags":[],"class_list":{"0":"post-248438","1":"post","2":"type-post","3":"status-publish","4":"format-standard","5":"has-post-thumbnail","7":"category-destacado","8":"category-politica"},"_links":{"self":[{"href":"https:\/\/elluchador.info\/index.php?rest_route=\/wp\/v2\/posts\/248438","targetHints":{"allow":["GET"]}}],"collection":[{"href":"https:\/\/elluchador.info\/index.php?rest_route=\/wp\/v2\/posts"}],"about":[{"href":"https:\/\/elluchador.info\/index.php?rest_route=\/wp\/v2\/types\/post"}],"author":[{"embeddable":true,"href":"https:\/\/elluchador.info\/index.php?rest_route=\/wp\/v2\/users\/2"}],"replies":[{"embeddable":true,"href":"https:\/\/elluchador.info\/index.php?rest_route=%2Fwp%2Fv2%2Fcomments&post=248438"}],"version-history":[{"count":1,"href":"https:\/\/elluchador.info\/index.php?rest_route=\/wp\/v2\/posts\/248438\/revisions"}],"predecessor-version":[{"id":248440,"href":"https:\/\/elluchador.info\/index.php?rest_route=\/wp\/v2\/posts\/248438\/revisions\/248440"}],"wp:featuredmedia":[{"embeddable":true,"href":"https:\/\/elluchador.info\/index.php?rest_route=\/wp\/v2\/media\/248439"}],"wp:attachment":[{"href":"https:\/\/elluchador.info\/index.php?rest_route=%2Fwp%2Fv2%2Fmedia&parent=248438"}],"wp:term":[{"taxonomy":"category","embeddable":true,"href":"https:\/\/elluchador.info\/index.php?rest_route=%2Fwp%2Fv2%2Fcategories&post=248438"},{"taxonomy":"post_tag","embeddable":true,"href":"https:\/\/elluchador.info\/index.php?rest_route=%2Fwp%2Fv2%2Ftags&post=248438"}],"curies":[{"name":"wp","href":"https:\/\/api.w.org\/{rel}","templated":true}]}}