{"id":248444,"date":"2024-09-13T14:07:38","date_gmt":"2024-09-13T18:07:38","guid":{"rendered":"https:\/\/elluchador.info\/?p=248444"},"modified":"2024-09-13T14:07:41","modified_gmt":"2024-09-13T18:07:41","slug":"estiman-produccion-de-un-millon-cien-mil-quintales-en-nueva-cosecha-de-cafe","status":"publish","type":"post","link":"https:\/\/elluchador.info\/?p=248444","title":{"rendered":"Estiman producci\u00f3n de un mill\u00f3n cien mil quintales en nueva cosecha de caf\u00e9"},"content":{"rendered":"\n<p>Se estima que<strong>&nbsp;la nueva cosecha de caf\u00e9 nacional, la cual inicia este mes de setiembre<\/strong>, produzca al menos un mill\u00f3n cien mil quintales del grano.<\/p>\n\n\n\n<p>El gremio de caficultores apunta que, aunque se trata de una buena producci\u00f3n para el pa\u00eds, hay&nbsp;<strong>preocupaciones acerca de una posible imposici\u00f3n de precios por parte de la industria cafetera<\/strong>, por debajo del establecido por quintal en el mercado internacional.<\/p>\n\n\n\n<p>El directivo la&nbsp;<strong>Confederaci\u00f3n de Asociaciones de Productores Agropecuarios de Venezuela (Fedeagro), Pedro Vicente P\u00e9rez<\/strong>, &nbsp;explic\u00f3 que los productores reciben por quintal de caf\u00e9 apenas&nbsp;<strong>un 55 % del precio internacional promedio<\/strong>, es decir, unos&nbsp;<strong>170 d\u00f3lares, lejos de los 243 d\u00f3lares<\/strong>, precio referencial establecido oficialmente.<\/p>\n\n\n\n<p>P\u00e9rez estim\u00f3 que la recuperaci\u00f3n actual en la producci\u00f3n del caf\u00e9 se debe a los precios internacionales, pautados hace cuatro a\u00f1os. \u201cLa industria hasta pagaba por encima del precio, pues&nbsp;<strong>no hab\u00eda tanto dominio de algunas empresas que actualmente imponen los costos<\/strong>, debido al porcentaje de mercado que han alcanzado\u201d, asegur\u00f3.<\/p>\n\n\n\n<p>No obstante, apunt\u00f3 que los productores nacionales actualmente aceptan vender su cosecha \u201cal primer postor\u201d debido a lo apremiante que les resulta enfrentar la situaci\u00f3n social y econ\u00f3mica del pa\u00eds, as\u00ed como tambi\u00e9n por la&nbsp;<strong>falta de financiamiento<\/strong>&nbsp;que existe en el sector.<\/p>\n\n\n\n<p>La situaci\u00f3n pudiera subsanarse, seg\u00fan expresa el dirigente cafetalero, con una&nbsp;<strong>flexibilizaci\u00f3n del encaje legal<\/strong>&nbsp;y que se permitiera a la banca&nbsp;<strong>invertir en papeles o t\u00edtulos de bono de prenda en caf\u00e9<\/strong>,<\/p>\n\n\n\n<p>\u201cPara que en la \u00e9poca de cosecha se permita pignorar ese caf\u00e9, resguardarlo y venderlo hasta 180 d\u00edas despu\u00e9s, para bajar la presi\u00f3n a la baja en los precios\u201d, indic\u00f3 en una nota de\u00a0Minuta Agropecuaria.<\/p>\n\n\n\n<p><strong><em>Con informaci\u00f3n de Banca y Negocios. <\/em><\/strong><\/p>\n","protected":false},"excerpt":{"rendered":"<p>Se estima que&nbsp;la nueva cosecha de caf\u00e9 nacional, la cual inicia este mes de setiembre, produzca al menos un mill\u00f3n cien mil quintales del grano. El gremio de caficultores apunta que, aunque se trata de una buena producci\u00f3n para el pa\u00eds, hay&nbsp;preocupaciones acerca de una posible imposici\u00f3n de precios por parte de la industria cafetera, [&hellip;]<\/p>\n","protected":false},"author":2,"featured_media":248445,"comment_status":"closed","ping_status":"closed","sticky":false,"template":"","format":"standard","meta":{"footnotes":""},"categories":[6],"tags":[],"class_list":{"0":"post-248444","1":"post","2":"type-post","3":"status-publish","4":"format-standard","5":"has-post-thumbnail","7":"category-economia"},"_links":{"self":[{"href":"https:\/\/elluchador.info\/index.php?rest_route=\/wp\/v2\/posts\/248444","targetHints":{"allow":["GET"]}}],"collection":[{"href":"https:\/\/elluchador.info\/index.php?rest_route=\/wp\/v2\/posts"}],"about":[{"href":"https:\/\/elluchador.info\/index.php?rest_route=\/wp\/v2\/types\/post"}],"author":[{"embeddable":true,"href":"https:\/\/elluchador.info\/index.php?rest_route=\/wp\/v2\/users\/2"}],"replies":[{"embeddable":true,"href":"https:\/\/elluchador.info\/index.php?rest_route=%2Fwp%2Fv2%2Fcomments&post=248444"}],"version-history":[{"count":1,"href":"https:\/\/elluchador.info\/index.php?rest_route=\/wp\/v2\/posts\/248444\/revisions"}],"predecessor-version":[{"id":248446,"href":"https:\/\/elluchador.info\/index.php?rest_route=\/wp\/v2\/posts\/248444\/revisions\/248446"}],"wp:featuredmedia":[{"embeddable":true,"href":"https:\/\/elluchador.info\/index.php?rest_route=\/wp\/v2\/media\/248445"}],"wp:attachment":[{"href":"https:\/\/elluchador.info\/index.php?rest_route=%2Fwp%2Fv2%2Fmedia&parent=248444"}],"wp:term":[{"taxonomy":"category","embeddable":true,"href":"https:\/\/elluchador.info\/index.php?rest_route=%2Fwp%2Fv2%2Fcategories&post=248444"},{"taxonomy":"post_tag","embeddable":true,"href":"https:\/\/elluchador.info\/index.php?rest_route=%2Fwp%2Fv2%2Ftags&post=248444"}],"curies":[{"name":"wp","href":"https:\/\/api.w.org\/{rel}","templated":true}]}}