{"id":248447,"date":"2024-09-13T14:38:32","date_gmt":"2024-09-13T18:38:32","guid":{"rendered":"https:\/\/elluchador.info\/?p=248447"},"modified":"2024-09-13T14:38:36","modified_gmt":"2024-09-13T18:38:36","slug":"declaran-emergencia-por-sequia-en-region-amazonica-de-manaos-brasil","status":"publish","type":"post","link":"https:\/\/elluchador.info\/?p=248447","title":{"rendered":"Declaran emergencia por sequ\u00eda en regi\u00f3n amaz\u00f3nica de Manaos, Brasil"},"content":{"rendered":"\n<p>Autoridades brasile\u00f1as de Manaos, capital del estado de Amazonas, decretaron situaci\u00f3n de emergencia por la sequ\u00eda que afecta al r\u00edo Negro e implementan acciones de enfrentamiento.<\/p>\n\n\n\n<p>El estado de emergencia inicia el lunes 16 septiembre con la primera fase de la Operaci\u00f3n Sequ\u00eda, cumpliendo lo previsto por el Decreto n\u00ba 5.983, con la entrega de suministros b\u00e1sicos canastas y kits de alimentos para familias de comunidades de los r\u00edos Negro y Amazonas.<\/p>\n\n\n\n<p>Se beneficiar\u00e1n al menos 7.700 familias, lo que corresponde a casi 25.000 personas de 93 comunidades ribere\u00f1as de la capital.<\/p>\n\n\n\n<figure class=\"wp-block-embed is-type-rich is-provider-twitter wp-block-embed-twitter\"><div class=\"wp-block-embed__wrapper\">\n<blockquote class=\"twitter-tweet\" data-width=\"550\" data-dnt=\"true\"><p lang=\"pt\" dir=\"ltr\">Opera\u00e7\u00e3o Estiagem da Prefeitura de Manaus levar\u00e1 ajuda humanit\u00e1ria a mais de 7 mil fam\u00edlias ribeirinhas &#8211;  <a href=\"https:\/\/t.co\/RvxSNL9WBv\">https:\/\/t.co\/RvxSNL9WBv<\/a>  &#8211; via <a href=\"https:\/\/twitter.com\/pamdigital?ref_src=twsrc%5Etfw\">@pamdigital<\/a> <a href=\"https:\/\/t.co\/KkjUxnoF5c\">pic.twitter.com\/KkjUxnoF5c<\/a><\/p>&mdash; portal.amdigital (@pamdigital) <a href=\"https:\/\/twitter.com\/pamdigital\/status\/1834330920704176309?ref_src=twsrc%5Etfw\">September 12, 2024<\/a><\/blockquote><script async src=\"https:\/\/platform.twitter.com\/widgets.js\" charset=\"utf-8\"><\/script>\n<\/div><\/figure>\n\n\n\n<p>La maniobra alcanzar\u00e1 en una primera fase a 43 comunidades del R\u00edo Negro, entre Tarum\u00e3 Mirim y Apua\u00fa, con la distribuci\u00f3n de insumos y kits de higiene. De forma general, a estas localidades se enviar\u00e1n m\u00e1s de 14.000 canastas b\u00e1sicas de alimentos, 500.000 botellas de agua de dos litros, 39.000 litros de gasolina y 46.000 litros de di\u00e9sel.<\/p>\n\n\n\n<p>Tambi\u00e9n, se colocar\u00e1n dos Unidades Fluviales de Salud Familiar (USFF) en la base de los r\u00edos Negro y Amazonas, para atender a las comunidades, as\u00ed como diez unidades rurales que apoyar\u00e1n a los centros sanitarios.<\/p>\n\n\n\n<p>Las autoridades locales prev\u00e9n acceder a m\u00e1s recursos del Gobierno federal para enfrentar el fen\u00f3meno ambiental y proveer a las comunidades.<\/p>\n\n\n\n<p>El estado de Amazonas ya hab\u00eda decretado situaci\u00f3n de emergencia en Manaos y en otros 62 municipios en el pasado mes de agosto.<\/p>\n\n\n\n<p>La ciudad de Manaos se localiza a orillas del r\u00edo Amazonas, en la confluencia de los r\u00edos Solim\u00f5es y r\u00edo Negro, que al juntarse forman el r\u00edo m\u00e1s caudaloso del planeta.<\/p>\n\n\n\n<p>Sin embargo, el r\u00edo Negro en la actualidad posee un caudal de 16,9 metros, por debajo de la media hist\u00f3rica, y se espera que contin\u00fae disminuyendo hasta octubre; mientras la temporada de lluvias no comienza hasta el mes de noviembre.<\/p>\n\n\n\n<p><strong><em>Con informaci\u00f3n de Telesur.<\/em><\/strong><\/p>\n","protected":false},"excerpt":{"rendered":"<p>Autoridades brasile\u00f1as de Manaos, capital del estado de Amazonas, decretaron situaci\u00f3n de emergencia por la sequ\u00eda que afecta al r\u00edo Negro e implementan acciones de enfrentamiento. El estado de emergencia inicia el lunes 16 septiembre con la primera fase de la Operaci\u00f3n Sequ\u00eda, cumpliendo lo previsto por el Decreto n\u00ba 5.983, con la entrega de [&hellip;]<\/p>\n","protected":false},"author":2,"featured_media":248448,"comment_status":"closed","ping_status":"closed","sticky":false,"template":"","format":"standard","meta":{"footnotes":""},"categories":[8],"tags":[],"class_list":{"0":"post-248447","1":"post","2":"type-post","3":"status-publish","4":"format-standard","5":"has-post-thumbnail","7":"category-internacionales"},"_links":{"self":[{"href":"https:\/\/elluchador.info\/index.php?rest_route=\/wp\/v2\/posts\/248447","targetHints":{"allow":["GET"]}}],"collection":[{"href":"https:\/\/elluchador.info\/index.php?rest_route=\/wp\/v2\/posts"}],"about":[{"href":"https:\/\/elluchador.info\/index.php?rest_route=\/wp\/v2\/types\/post"}],"author":[{"embeddable":true,"href":"https:\/\/elluchador.info\/index.php?rest_route=\/wp\/v2\/users\/2"}],"replies":[{"embeddable":true,"href":"https:\/\/elluchador.info\/index.php?rest_route=%2Fwp%2Fv2%2Fcomments&post=248447"}],"version-history":[{"count":1,"href":"https:\/\/elluchador.info\/index.php?rest_route=\/wp\/v2\/posts\/248447\/revisions"}],"predecessor-version":[{"id":248449,"href":"https:\/\/elluchador.info\/index.php?rest_route=\/wp\/v2\/posts\/248447\/revisions\/248449"}],"wp:featuredmedia":[{"embeddable":true,"href":"https:\/\/elluchador.info\/index.php?rest_route=\/wp\/v2\/media\/248448"}],"wp:attachment":[{"href":"https:\/\/elluchador.info\/index.php?rest_route=%2Fwp%2Fv2%2Fmedia&parent=248447"}],"wp:term":[{"taxonomy":"category","embeddable":true,"href":"https:\/\/elluchador.info\/index.php?rest_route=%2Fwp%2Fv2%2Fcategories&post=248447"},{"taxonomy":"post_tag","embeddable":true,"href":"https:\/\/elluchador.info\/index.php?rest_route=%2Fwp%2Fv2%2Ftags&post=248447"}],"curies":[{"name":"wp","href":"https:\/\/api.w.org\/{rel}","templated":true}]}}