{"id":248456,"date":"2024-09-13T15:30:43","date_gmt":"2024-09-13T19:30:43","guid":{"rendered":"https:\/\/elluchador.info\/?p=248456"},"modified":"2024-09-13T15:30:47","modified_gmt":"2024-09-13T19:30:47","slug":"bolivar-se-une-a-celebracion-del-dia-mundial-de-la-arepa","status":"publish","type":"post","link":"https:\/\/elluchador.info\/?p=248456","title":{"rendered":"Bol\u00edvar se une a celebraci\u00f3n del D\u00eda Mundial de la Arepa"},"content":{"rendered":"\n<p>Este s\u00e1bado 14 de septiembre se celebra el D\u00eda Mundial de la Arepa, y el estado Bol\u00edvar se une a esta celebraci\u00f3n de la mano de la C\u00e1mara Gastron\u00f3mica, gremios y afiliados, con una jornada especial bajo el lema&nbsp;<em>La ruta d\u00eda mundial de la arepa<\/em>.<\/p>\n\n\n\n<p>El evento est\u00e1 organizado por la C\u00e1mara Gastron\u00f3mica del estado Bol\u00edvar e iniciar\u00e1 a las 7:00 de la ma\u00f1ana desde la Posada La Sapoara.<\/p>\n\n\n\n<p>C\u00e1ndida \u00c1ngel, presidenta de la C\u00e1mara Gastron\u00f3mica del estado Bol\u00edvar, inform\u00f3 que durante la jornada se realizar\u00e1n actividades de preparaci\u00f3n, relleno y distribuci\u00f3n de arepas, las cuales ser\u00e1n donadas a diferentes comunidades de la ciudad.<\/p>\n\n\n\n<p>\u201cLa arepa, en sus diversas presentaciones -asadas, fritas o al horno- y con una amplia gama de rellenos que incluyen desde queso, jam\u00f3n, at\u00fan y carne mechada, vegetales y guisos, se convertir\u00e1 en el veh\u00edculo para unir a las familias y amigos en un acto de solidaridad y celebraci\u00f3n. De eso se trata, de unirnos a trav\u00e9s de este plato que es nuestro\u201d, expres\u00f3.<\/p>\n\n\n\n<p><strong>T\u00fa tambi\u00e9n puedes participar<\/strong><\/p>\n\n\n\n<p>Todos los ciudadanos pueden ser parte de esta iniciativa. Por ello, la C\u00e1mara Gastron\u00f3mica invit\u00f3 a los interesados a:<\/p>\n\n\n\n<p>\u25cf&nbsp;<strong>Preparar arepas:<\/strong>&nbsp;Comparte tus habilidades culinarias y \u00fanete a nosotros (C\u00e1mara Gastron\u00f3mica y aliados) en la cocina.&nbsp;<\/p>\n\n\n\n<p>\u25cf&nbsp;<strong>Donar materia prima:<\/strong>&nbsp;Tu contribuci\u00f3n puede hacer una gran diferencia.&nbsp;<\/p>\n\n\n\n<p>\u25cf Asistir a los puntos de encuentro y preparaci\u00f3n.<\/p>\n\n\n\n<p>Estos puntos de encuentro para la preparaci\u00f3n y donaci\u00f3n ser\u00e1n:<\/p>\n\n\n\n<p>1. Crocantina &amp; La Cueva del Sabor, Tr\u00e9bol.<\/p>\n\n\n\n<p>2. Tomasa Restaurant, Plaza Monumental, Alta Vista.<\/p>\n\n\n\n<p>3. Teana &amp; Cool Mac Cool, Los Olivos.&nbsp;<\/p>\n\n\n\n<p>4. Entrega en Hospital Uyapar y hospital de Guaiparo.<\/p>\n\n\n\n<p>5. Restaurant Dennys, CC Icabar\u00fa.<\/p>\n\n\n\n<p>Adem\u00e1s se habilitar\u00e1n puntos de aliados de preparaci\u00f3n y donaci\u00f3n en: Ciudad Bol\u00edvar (oficinas de @inatur), Upata, El Palmar y Santa Elena de Uair\u00e9n.<\/p>\n\n\n\n<p>\u201cEsta celebraci\u00f3n no solo es una oportunidad para disfrutar de la deliciosa arepa, sino tambi\u00e9n para fortalecer la comunidad y compartir con quienes m\u00e1s lo necesitan. Te esperamos para celebrar, compartir y disfrutar de la arepa, un plato que verdaderamente nos une y nos representa\u201d, destac\u00f3 \u00c1ngel.<\/p>\n\n\n\n<p><strong>Origen del D\u00eda Mundial de la Arepa<\/strong><\/p>\n\n\n\n<p>El D\u00eda Mundial de la Arepa surgi\u00f3 a partir de un evento celebrado en julio de 2012 por la Organizaci\u00f3n Venezolanos en el Mundo (VenMundo), destinado a apoyar a venezolanos en el exterior y promover la integraci\u00f3n y uni\u00f3n entre coterr\u00e1neos.<\/p>\n\n\n\n<p>Fue as\u00ed como realizaron un Arepazo Mundial, iniciativa que tuvo mucha acogida por lo que desde 2013 se escogi\u00f3 el segundo s\u00e1bado de septiembre como D\u00eda Mundial de la Arepa.<\/p>\n\n\n\n<p>Redacci\u00f3n.<\/p>\n","protected":false},"excerpt":{"rendered":"<p>Este s\u00e1bado 14 de septiembre se celebra el D\u00eda Mundial de la Arepa, y el estado Bol\u00edvar se une a esta celebraci\u00f3n de la mano de la C\u00e1mara Gastron\u00f3mica, gremios y afiliados, con una jornada especial bajo el lema&nbsp;La ruta d\u00eda mundial de la arepa. El evento est\u00e1 organizado por la C\u00e1mara Gastron\u00f3mica del estado [&hellip;]<\/p>\n","protected":false},"author":2,"featured_media":248457,"comment_status":"closed","ping_status":"closed","sticky":false,"template":"","format":"standard","meta":{"footnotes":""},"categories":[12],"tags":[2022,185,2023],"class_list":{"0":"post-248456","1":"post","2":"type-post","3":"status-publish","4":"format-standard","5":"has-post-thumbnail","7":"category-regionales","8":"tag-arepa","9":"tag-bolivar","10":"tag-celebracion"},"_links":{"self":[{"href":"https:\/\/elluchador.info\/index.php?rest_route=\/wp\/v2\/posts\/248456","targetHints":{"allow":["GET"]}}],"collection":[{"href":"https:\/\/elluchador.info\/index.php?rest_route=\/wp\/v2\/posts"}],"about":[{"href":"https:\/\/elluchador.info\/index.php?rest_route=\/wp\/v2\/types\/post"}],"author":[{"embeddable":true,"href":"https:\/\/elluchador.info\/index.php?rest_route=\/wp\/v2\/users\/2"}],"replies":[{"embeddable":true,"href":"https:\/\/elluchador.info\/index.php?rest_route=%2Fwp%2Fv2%2Fcomments&post=248456"}],"version-history":[{"count":1,"href":"https:\/\/elluchador.info\/index.php?rest_route=\/wp\/v2\/posts\/248456\/revisions"}],"predecessor-version":[{"id":248459,"href":"https:\/\/elluchador.info\/index.php?rest_route=\/wp\/v2\/posts\/248456\/revisions\/248459"}],"wp:featuredmedia":[{"embeddable":true,"href":"https:\/\/elluchador.info\/index.php?rest_route=\/wp\/v2\/media\/248457"}],"wp:attachment":[{"href":"https:\/\/elluchador.info\/index.php?rest_route=%2Fwp%2Fv2%2Fmedia&parent=248456"}],"wp:term":[{"taxonomy":"category","embeddable":true,"href":"https:\/\/elluchador.info\/index.php?rest_route=%2Fwp%2Fv2%2Fcategories&post=248456"},{"taxonomy":"post_tag","embeddable":true,"href":"https:\/\/elluchador.info\/index.php?rest_route=%2Fwp%2Fv2%2Ftags&post=248456"}],"curies":[{"name":"wp","href":"https:\/\/api.w.org\/{rel}","templated":true}]}}