{"id":248467,"date":"2024-09-13T16:17:56","date_gmt":"2024-09-13T20:17:56","guid":{"rendered":"https:\/\/elluchador.info\/?p=248467"},"modified":"2024-09-13T16:17:59","modified_gmt":"2024-09-13T20:17:59","slug":"culmina-con-exito-el-plan-vacacional-2024-cvg-midme-en-puerto-ordaz","status":"publish","type":"post","link":"https:\/\/elluchador.info\/?p=248467","title":{"rendered":"Culmina con \u00e9xito el Plan Vacacional 2024 CVG-MIDME en Puerto Ordaz"},"content":{"rendered":"\n<p>El Plan Vacacional 2024&nbsp;<strong>\u201cMundo M\u00e1gico de Guayana\u201d<\/strong>&nbsp;culmin\u00f3 con \u00e9xito este jueves, tras 35 d\u00edas de actividades destinadas a los hijos e hijas de los trabajadores de la Corporaci\u00f3n Venezolana de Guayana (CVG), sus empresas b\u00e1sicas, el Ministerio de Desarrollo Minero Ecol\u00f3gico (MIDME), sus entes adscritos, y comunidades de El Callao y Ciudad Guayana.<\/p>\n\n\n\n<p>El evento, que brind\u00f3 a m\u00e1s de 16.000 ni\u00f1os, ni\u00f1as y j\u00f3venes una experiencia inolvidable, incluy\u00f3 una amplia gama de actividades como juegos de agilidad mental, granja de contacto, zona gamer, cine, teatro, mini golf, ciencia, manualidades, deportes extremos, paintball, ciclorrutas y tirolesa, entre otros. Adem\u00e1s, los peque\u00f1os disfrutaron de piscinas y \u00e1reas recreativas, junto a un espacio para emprendedores locales.<\/p>\n\n\n\n<p><img decoding=\"async\" src=\"https:\/\/gbvm.knoios.com\/mmedia\/19979\/captura-de-pantalla-2024-09-13-a-las-104915-a-mpng-28088.png\"><\/p>\n\n\n\n<p>El cierre del plan fue marcado por un concierto en el Club Caronoco, donde tanto los ni\u00f1os como sus padres disfrutaron de la m\u00fasica en vivo de agrupaciones regionales como Eko Caribe, The Young People y la Banda J Santos.<\/p>\n\n\n\n<p><img decoding=\"async\" src=\"https:\/\/gbvm.knoios.com\/mmedia\/19979\/captura-de-pantalla-2024-09-13-a-las-104920-a-mpng-28089.png\"><\/p>\n\n\n\n<p>El ministro y presidente de la CVG, Dr. H\u00e9ctor Silva, junto al vicepresidente, M\/G Alexis Rodr\u00edguez, y otros altos funcionarios, destacaron la importancia de este programa como parte de las pol\u00edticas de bienestar social impulsadas por el presidente Nicol\u00e1s Maduro. \u201cEste es un regalo de nuestro presidente obrero, quien siempre ha estado pendiente de nuestra clase trabajadora\u201d, se\u00f1al\u00f3 Silva.<\/p>\n\n\n\n<p><img decoding=\"async\" src=\"https:\/\/gbvm.knoios.com\/mmedia\/19979\/captura-de-pantalla-2024-09-13-a-las-104947-a-mpng-28094.png\"><\/p>\n\n\n\n<p>Asimismo, el titular de la CVG inform\u00f3 que este plan atendi\u00f3 a 14.000 ni\u00f1os de la CVG y el MIDME, as\u00ed como a 2.000 ni\u00f1os de las comunidades. Agradeci\u00f3 a los recreadores, emprendedores, la FANB, el equipo m\u00e9dico y al gobierno regional por su colaboraci\u00f3n en el \u00e9xito del plan.<\/p>\n\n\n\n<p><img decoding=\"async\" src=\"https:\/\/gbvm.knoios.com\/mmedia\/19979\/captura-de-pantalla-2024-09-13-a-las-104925-a-mpng-28090.png\"><\/p>\n\n\n\n<p>Entre los anuncios destacados, Silva mencion\u00f3 que el circuito de motocross y una cancha deportiva quedar\u00e1n de forma permanente en el Club Caronoco para el disfrute de los ni\u00f1os. Adem\u00e1s, se\u00f1al\u00f3 que el Plan Vacacional continuar\u00e1 en otras regiones como Los Pijiguaos, Valencia y Conacal.<\/p>\n\n\n\n<p>Este programa se desarroll\u00f3 bajo los lineamientos del Plan Vacacional Comunitario Mostacho Fest \u00abNuestra Patria\u00bb, promovido por el Gobierno Bolivariano para ofrecer un espacio de sano esparcimiento, seguro y de calidad para los ni\u00f1os y j\u00f3venes del pa\u00eds.<\/p>\n\n\n\n<p>Con la participaci\u00f3n de las mascotas oficiales Briquet\u00edn y Luminita, el \u00abMundo M\u00e1gico de Guayana\u00bb se despide por este a\u00f1o, dejando en cada ni\u00f1o recuerdos imborrables de alegr\u00eda y diversi\u00f3n, y prometiendo volver el pr\u00f3ximo a\u00f1o con m\u00e1s sorpresas y actividades.<\/p>\n\n\n\n<p><strong><em>Prensa CVG<\/em><\/strong><\/p>\n","protected":false},"excerpt":{"rendered":"<p>El Plan Vacacional 2024&nbsp;\u201cMundo M\u00e1gico de Guayana\u201d&nbsp;culmin\u00f3 con \u00e9xito este jueves, tras 35 d\u00edas de actividades destinadas a los hijos e hijas de los trabajadores de la Corporaci\u00f3n Venezolana de Guayana (CVG), sus empresas b\u00e1sicas, el Ministerio de Desarrollo Minero Ecol\u00f3gico (MIDME), sus entes adscritos, y comunidades de El Callao y Ciudad Guayana. El evento, [&hellip;]<\/p>\n","protected":false},"author":2,"featured_media":248468,"comment_status":"closed","ping_status":"closed","sticky":false,"template":"","format":"standard","meta":{"footnotes":""},"categories":[12],"tags":[],"class_list":{"0":"post-248467","1":"post","2":"type-post","3":"status-publish","4":"format-standard","5":"has-post-thumbnail","7":"category-regionales"},"_links":{"self":[{"href":"https:\/\/elluchador.info\/index.php?rest_route=\/wp\/v2\/posts\/248467","targetHints":{"allow":["GET"]}}],"collection":[{"href":"https:\/\/elluchador.info\/index.php?rest_route=\/wp\/v2\/posts"}],"about":[{"href":"https:\/\/elluchador.info\/index.php?rest_route=\/wp\/v2\/types\/post"}],"author":[{"embeddable":true,"href":"https:\/\/elluchador.info\/index.php?rest_route=\/wp\/v2\/users\/2"}],"replies":[{"embeddable":true,"href":"https:\/\/elluchador.info\/index.php?rest_route=%2Fwp%2Fv2%2Fcomments&post=248467"}],"version-history":[{"count":1,"href":"https:\/\/elluchador.info\/index.php?rest_route=\/wp\/v2\/posts\/248467\/revisions"}],"predecessor-version":[{"id":248469,"href":"https:\/\/elluchador.info\/index.php?rest_route=\/wp\/v2\/posts\/248467\/revisions\/248469"}],"wp:featuredmedia":[{"embeddable":true,"href":"https:\/\/elluchador.info\/index.php?rest_route=\/wp\/v2\/media\/248468"}],"wp:attachment":[{"href":"https:\/\/elluchador.info\/index.php?rest_route=%2Fwp%2Fv2%2Fmedia&parent=248467"}],"wp:term":[{"taxonomy":"category","embeddable":true,"href":"https:\/\/elluchador.info\/index.php?rest_route=%2Fwp%2Fv2%2Fcategories&post=248467"},{"taxonomy":"post_tag","embeddable":true,"href":"https:\/\/elluchador.info\/index.php?rest_route=%2Fwp%2Fv2%2Ftags&post=248467"}],"curies":[{"name":"wp","href":"https:\/\/api.w.org\/{rel}","templated":true}]}}