{"id":248495,"date":"2024-09-13T17:40:00","date_gmt":"2024-09-13T21:40:00","guid":{"rendered":"https:\/\/elluchador.info\/?p=248495"},"modified":"2024-09-13T17:18:19","modified_gmt":"2024-09-13T21:18:19","slug":"canciller-gil-se-reunio-con-el-embajador-de-espana-en-caracas-venezuela-adoptara-las-medidas-necesarias","status":"publish","type":"post","link":"https:\/\/elluchador.info\/?p=248495","title":{"rendered":"Canciller Gil se reuni\u00f3 con el embajador de Espa\u00f1a en Caracas: \u00abVenezuela adoptar\u00e1 las medidas necesarias\u00bb"},"content":{"rendered":"\n<p>El canciller de la Rep\u00fablica, Yv\u00e1n Gil, sostuvo este viernes un encuentro con el embajador de Espa\u00f1a en Caracas, Ram\u00f3n Santos, en un contexto de tensiones en las relaciones diplom\u00e1ticas con el Gobierno espa\u00f1ol.<\/p>\n\n\n\n<p>Tras el encuentro, Gil asegur\u00f3 que \u201cVenezuela tomar\u00e1 las medidas que sean necesarias\u201d respecto a la situaci\u00f3n actual que atraviesan ambos pa\u00edses que deriva principalmente del asilo pol\u00edtico que el Ejecutivo espa\u00f1ol otorg\u00f3 a Edmundo Gonz\u00e1lez.<\/p>\n\n\n\n<p>En el encuentro, Gil le manifest\u00f3 al representante europeo que Venezuela no permitir\u00e1 \u00abninguna acci\u00f3n injerencista por parte del Gobierno de Espa\u00f1a en asuntos que son de competencia exclusiva de los venezolanos y venezolanas\u00bb.<\/p>\n\n\n\n<p>\u00abEl Gobierno de Venezuela adoptar\u00e1 las medidas necesarias, en el marco del derecho internacional y la diplomacia bolivariana de paz para proteger su soberan\u00eda\u00bb, se\u00f1al\u00f3 el canciller.<\/p>\n\n\n\n<p>Santos acudi\u00f3 a la cita en la sede de la cartera de Exteriores, en Caracas, a instancias de Gil, quien calific\u00f3 el d\u00eda anterior como \u00abinsolentes, injerencistas y groseras\u00bb las declaraciones de la ministra de Defensa espa\u00f1ola, Margarita Robles, para quien el Gobierno de Maduro es una \u00abdictadura\u00bb.<\/p>\n\n\n\n<p>El Ejecutivo de Maduro, explic\u00f3 Gil el jueves, ha llamado tambi\u00e9n a consultas a su embajadora acreditada en Espa\u00f1a, Gladys Guti\u00e9rrez, cuya llegada a Venezuela est\u00e1 prevista para la tarde de este viernes.<\/p>\n\n\n\n<p>Por su parte, el Ejecutivo espa\u00f1ol opt\u00f3 por rebajar la escalada de tensi\u00f3n abierta entre Caracas y Madrid y calific\u00f3 como \u00absoberana\u00bb la decisi\u00f3n del Gobierno de Venezuela de convocar a Santos y llamar a consultas a su representante en la capital espa\u00f1ola.<\/p>\n\n\n\n<p>El ministro espa\u00f1ol de Asuntos Exteriores, Jos\u00e9 Manuel Albares, insisti\u00f3 en la voluntad de buscar \u00ablas mejores relaciones posibles con el pueblo hermano de Venezuela\u00bb y de velar por los intereses de la comunidad y las empresas nacionales en el pa\u00eds latinoamericano.<\/p>\n\n\n\n<p><strong><em>Con informaci\u00f3n de EU.<\/em><\/strong><\/p>\n","protected":false},"excerpt":{"rendered":"<p>El canciller de la Rep\u00fablica, Yv\u00e1n Gil, sostuvo este viernes un encuentro con el embajador de Espa\u00f1a en Caracas, Ram\u00f3n Santos, en un contexto de tensiones en las relaciones diplom\u00e1ticas con el Gobierno espa\u00f1ol. Tras el encuentro, Gil asegur\u00f3 que \u201cVenezuela tomar\u00e1 las medidas que sean necesarias\u201d respecto a la situaci\u00f3n actual que atraviesan ambos [&hellip;]<\/p>\n","protected":false},"author":2,"featured_media":248496,"comment_status":"closed","ping_status":"closed","sticky":false,"template":"","format":"standard","meta":{"footnotes":""},"categories":[5,11],"tags":[],"class_list":{"0":"post-248495","1":"post","2":"type-post","3":"status-publish","4":"format-standard","5":"has-post-thumbnail","7":"category-destacado","8":"category-politica"},"_links":{"self":[{"href":"https:\/\/elluchador.info\/index.php?rest_route=\/wp\/v2\/posts\/248495","targetHints":{"allow":["GET"]}}],"collection":[{"href":"https:\/\/elluchador.info\/index.php?rest_route=\/wp\/v2\/posts"}],"about":[{"href":"https:\/\/elluchador.info\/index.php?rest_route=\/wp\/v2\/types\/post"}],"author":[{"embeddable":true,"href":"https:\/\/elluchador.info\/index.php?rest_route=\/wp\/v2\/users\/2"}],"replies":[{"embeddable":true,"href":"https:\/\/elluchador.info\/index.php?rest_route=%2Fwp%2Fv2%2Fcomments&post=248495"}],"version-history":[{"count":1,"href":"https:\/\/elluchador.info\/index.php?rest_route=\/wp\/v2\/posts\/248495\/revisions"}],"predecessor-version":[{"id":248497,"href":"https:\/\/elluchador.info\/index.php?rest_route=\/wp\/v2\/posts\/248495\/revisions\/248497"}],"wp:featuredmedia":[{"embeddable":true,"href":"https:\/\/elluchador.info\/index.php?rest_route=\/wp\/v2\/media\/248496"}],"wp:attachment":[{"href":"https:\/\/elluchador.info\/index.php?rest_route=%2Fwp%2Fv2%2Fmedia&parent=248495"}],"wp:term":[{"taxonomy":"category","embeddable":true,"href":"https:\/\/elluchador.info\/index.php?rest_route=%2Fwp%2Fv2%2Fcategories&post=248495"},{"taxonomy":"post_tag","embeddable":true,"href":"https:\/\/elluchador.info\/index.php?rest_route=%2Fwp%2Fv2%2Ftags&post=248495"}],"curies":[{"name":"wp","href":"https:\/\/api.w.org\/{rel}","templated":true}]}}