{"id":248643,"date":"2024-09-15T10:27:20","date_gmt":"2024-09-15T14:27:20","guid":{"rendered":"https:\/\/elluchador.info\/?p=248643"},"modified":"2024-09-15T10:27:24","modified_gmt":"2024-09-15T14:27:24","slug":"cabello-denuncio-vinculacion-del-gobierno-de-ee-uu-y-espana-en-planes-desestabilizadores-con-mercenarios","status":"publish","type":"post","link":"https:\/\/elluchador.info\/?p=248643","title":{"rendered":"Cabello denunci\u00f3 vinculaci\u00f3n del gobierno de EE.UU. y Espa\u00f1a en planes desestabilizadores con mercenarios"},"content":{"rendered":"\n<p>Este s\u00e1bado, el vicepresidente Sectorial de Pol\u00edtica, Seguridad Ciudadana y Paz, Diosdado Cabello, en una entrevista ofrecida a la cadena Telesur, habl\u00f3 sobre la<strong>\u00a0detenci\u00f3n<\/strong>\u00a0del militar activo perteneciente al Ej\u00e9rcito de Estados Unidos (EE.UU.),\u00a0<strong>Wilbert Casta\u00f1eda<\/strong>\u00a0y la\u00a0<strong>negaci\u00f3n del gobierno espa\u00f1ol sobre su vinculaci\u00f3n<\/strong>\u00a0en el plan desestabilizador.<\/p>\n\n\n\n<p>Cabello destac\u00f3 que dos espa\u00f1oles fueron detenidos y vinculados con Casta\u00f1eda, aunque \u00abEspa\u00f1a va a salir a decir que no tienen nada que ver con eso\u00bb, dijo y agreg\u00f3 que el ciudadano norteamericano iba a ser el jefe habilitado para el uso de mercenarios.<\/p>\n\n\n\n<p>Fueron detenidos dos ciudadanos espa\u00f1oles en Puerto Ayacucho, identificados como:&nbsp;<strong>Jos\u00e9 Mar\u00eda Basoa Vadovinos y Andr\u00e9s Mart\u00ednez Adasme<\/strong>, en las cercan\u00edas del aeropuerto de esa ciudad.<\/p>\n\n\n\n<p>\u00abUna persona que est\u00e1 vinculada con el&nbsp;<strong>Centro Nacional de Inteligencia (CNI de Espa\u00f1a)<\/strong>&nbsp;fue contactado y nos dio el plan completo&#8230;\u00bb, asegur\u00f3. \u00abCuando fueron detenidos, al principio no dijeron nada, igual admiten ser parte del organismo de seguridad espa\u00f1ol\u00bb, inform\u00f3.<\/p>\n\n\n\n<p>En este sentido, Cabello destac\u00f3 que hace pocos d\u00edas la ministra de Defensa de Espa\u00f1a, en un acto que nada ten\u00eda que ver con pol\u00edtica, sino que era el bautizo de un libro, \u00absalt\u00f3 inmediatamente contra nosotros con una cantidad de barbaridades\u00bb.<\/p>\n\n\n\n<p>\u00abEsas personas tienen&nbsp;<strong>conexiones activas&nbsp;<\/strong>con el se\u00f1or Casta\u00f1eda,&nbsp;<strong>con grupos pol\u00edticos en Venezuela y las bandas criminales en el pa\u00eds<\/strong>&nbsp;(&#8230;), porque, parte de la conexi\u00f3n que este caballero iba a tener, eran grupos de delincuentes para ejecutar las operaciones\u00bb, subray\u00f3.<\/p>\n\n\n\n<p>Destac\u00f3 que el presidente Nicol\u00e1s Maduro ha tenido constantemente la intenci\u00f3n de denunciar al mundo lo que est\u00e1 ocurriendo en Venezuela. Y en esta oportunidad ellos quer\u00edan llevar a cabo un atentado con granadas y \u00ablleg\u00f3 informaci\u00f3n con el nuevo intento de magnicidio\u00bb.<\/p>\n\n\n\n<p>En este punto, record\u00f3 que\u00a0<strong>fueron detenidos 14 individuos vinculados con bandas<\/strong>\u00a0que pretend\u00edan llevar el caos en las c\u00e1rceles \u00abcon armamento de alt\u00edsimo poder\u00bb, y apunt\u00f3 que llevaban una inscripci\u00f3n que dec\u00eda que s\u00f3lo pod\u00eda ser utilizado por \u00abel ej\u00e9rcito de Estados Unidos (EE.UU.) y estaba prohibida su venta\u00bb.<\/p>\n\n\n\n<p>El vicepresidente Sectorial de Pol\u00edtica, Seguridad Ciudadana y Paz, destac\u00f3 que esto es solo una parte de la informaci\u00f3n que tiene el Estado venezolano \u00abest\u00e1 siendo desmantelado el plan&#8230; Espa\u00f1a tiene que ver con eso y Estados Unidos dirige esta operaci\u00f3n\u00bb.&nbsp;<\/p>\n\n\n\n<p><strong>Con informaci\u00f3n de TeleSur<\/strong><\/p>\n","protected":false},"excerpt":{"rendered":"<p>Este s\u00e1bado, el vicepresidente Sectorial de Pol\u00edtica, Seguridad Ciudadana y Paz, Diosdado Cabello, en una entrevista ofrecida a la cadena Telesur, habl\u00f3 sobre la\u00a0detenci\u00f3n\u00a0del militar activo perteneciente al Ej\u00e9rcito de Estados Unidos (EE.UU.),\u00a0Wilbert Casta\u00f1eda\u00a0y la\u00a0negaci\u00f3n del gobierno espa\u00f1ol sobre su vinculaci\u00f3n\u00a0en el plan desestabilizador. Cabello destac\u00f3 que dos espa\u00f1oles fueron detenidos y vinculados con Casta\u00f1eda, [&hellip;]<\/p>\n","protected":false},"author":2,"featured_media":248644,"comment_status":"closed","ping_status":"closed","sticky":false,"template":"","format":"standard","meta":{"footnotes":""},"categories":[11],"tags":[],"class_list":{"0":"post-248643","1":"post","2":"type-post","3":"status-publish","4":"format-standard","5":"has-post-thumbnail","7":"category-politica"},"_links":{"self":[{"href":"https:\/\/elluchador.info\/index.php?rest_route=\/wp\/v2\/posts\/248643","targetHints":{"allow":["GET"]}}],"collection":[{"href":"https:\/\/elluchador.info\/index.php?rest_route=\/wp\/v2\/posts"}],"about":[{"href":"https:\/\/elluchador.info\/index.php?rest_route=\/wp\/v2\/types\/post"}],"author":[{"embeddable":true,"href":"https:\/\/elluchador.info\/index.php?rest_route=\/wp\/v2\/users\/2"}],"replies":[{"embeddable":true,"href":"https:\/\/elluchador.info\/index.php?rest_route=%2Fwp%2Fv2%2Fcomments&post=248643"}],"version-history":[{"count":1,"href":"https:\/\/elluchador.info\/index.php?rest_route=\/wp\/v2\/posts\/248643\/revisions"}],"predecessor-version":[{"id":248645,"href":"https:\/\/elluchador.info\/index.php?rest_route=\/wp\/v2\/posts\/248643\/revisions\/248645"}],"wp:featuredmedia":[{"embeddable":true,"href":"https:\/\/elluchador.info\/index.php?rest_route=\/wp\/v2\/media\/248644"}],"wp:attachment":[{"href":"https:\/\/elluchador.info\/index.php?rest_route=%2Fwp%2Fv2%2Fmedia&parent=248643"}],"wp:term":[{"taxonomy":"category","embeddable":true,"href":"https:\/\/elluchador.info\/index.php?rest_route=%2Fwp%2Fv2%2Fcategories&post=248643"},{"taxonomy":"post_tag","embeddable":true,"href":"https:\/\/elluchador.info\/index.php?rest_route=%2Fwp%2Fv2%2Ftags&post=248643"}],"curies":[{"name":"wp","href":"https:\/\/api.w.org\/{rel}","templated":true}]}}