{"id":248670,"date":"2024-09-15T13:13:11","date_gmt":"2024-09-15T17:13:11","guid":{"rendered":"https:\/\/elluchador.info\/?p=248670"},"modified":"2024-09-15T13:13:15","modified_gmt":"2024-09-15T17:13:15","slug":"maria-corina-y-gonzalez-urrutia-convocan-a-nueva-movilizacion-mundial-para-el-sabado-28-de-septiembre","status":"publish","type":"post","link":"https:\/\/elluchador.info\/?p=248670","title":{"rendered":"Mar\u00eda Corina y Gonz\u00e1lez Urrutia convocan a nueva movilizaci\u00f3n mundial para el s\u00e1bado 28 de septiembre"},"content":{"rendered":"\n<p>Los dirigentes opositores Mar\u00eda Corina Machado y Edmundo Gonz\u00e1lez Urrutia hicieron un llamado este s\u00e1bado 14 de septiembre para una \u201cmovilizaci\u00f3n mundial\u201d en rechazo a la persecuci\u00f3n pol\u00edtica y en reclamo por los resultados electores del 28 de julio pasado.<\/p>\n\n\n\n<p>A trav\u00e9s de un video compartido en redes sociales, m\u00e1s de 15 artistas venezolanos se unieron en un mensaje a favor de la \u201celecci\u00f3n de cambio que Venezuela tom\u00f3 el pasado 28 de julio\u201d, base en la que, aseguran, habr\u00e1 una concentraci\u00f3n en las calles del pa\u00eds el pr\u00f3ximo s\u00e1bado 28 de septiembre.<\/p>\n\n\n\n<p>\u201cEl 28 de julio, Venezuela manifest\u00f3 su voluntad de cambio. Eligi\u00f3 la verdad sobre la mentira. Escogi\u00f3 la dignidad sobre la sumisi\u00f3n. Pero ese grupo que se aferra al poder se niega a escuchar la aplastante verdad que el pueblo le grita en su cara\u201d, dice el mensaje en voz de influencers, actores, y figuras del espect\u00e1culo.<\/p>\n\n\n\n<p>Afirman que, desde los comicios presidenciales, \u201cpersiguieron a testigos de mesa, a dirigentes pol\u00edticos, voluntarios, a mujeres, discapacitados, hasta a menores de edad, pensando que pueden tapar el sol con un dedo, pensando que pueden imponer la mentira sobre la verdad, pensando que el mundo se la va a calar\u2026 \u00a1Pues no!\u201d.<\/p>\n\n\n\n<p>Mar\u00eda Corina Machado, quien particip\u00f3 en el audiovisual, expres\u00f3: \u201cEsto es hasta el final, y el final no ha llegado, pero vamos juntos, hasta que los venezolanos podamos reencontrarnos todos en casa\u201d.<\/p>\n\n\n\n<p>Resaltan que pr\u00f3ximamente habr\u00e1 una Asamblea general de la Organizaci\u00f3n de Naciones Unidas, para la que, aseguran, la movilizaci\u00f3n convocada servir\u00e1 \u201cpara exigir que reconozcan a Edmundo Gonz\u00e1lez como presidente electo\u201d.<\/p>\n\n\n\n<p>De la misma forma, solicitar\u00e1n que los pa\u00edses miembros de la ONU \u201cinsten al Fiscal de la Corte Penal Internacional a tomar medidas contra los cr\u00edmenes de lesa humanidad que se siguen cometiendo en el pa\u00eds\u201d, y pedir \u201cel fin de la represi\u00f3n\u201d.<\/p>\n\n\n\n<p>RECONOCIDAS FIGURAS<\/p>\n\n\n\n<p>Para cerrar el video, reconocidas figuras venezolanas, entre las que resaltan el escritor venezolano Leonardo Padr\u00f3n; los actores Edgar Ram\u00edrez, Mariaca Sempr\u00fan, Rafael de la Fuente, Christian Mcgaffney y Mar\u00eda Gabriela de Far\u00eda, y los comunicadores Fabiola Colmenares, Luis Chataing y Erika de la Vega, entre otros, expresan un rotundo \u201cEl 28 yo me sumo\u201d.<\/p>\n\n\n\n<p>Para este final, sorprendi\u00f3 a los simpatizantes opositores la inclusi\u00f3n de un breve video de Edmundo Gonz\u00e1lez Urrutia, quien, desde el exilio y en pleno tr\u00e1mite por asilo pol\u00edtico, no tiene permitido dar declaraciones ante una c\u00e1mara.<\/p>\n\n\n\n<p>Sin embargo, dijo \u201cpresente\u201d en el audiovisual, con la misma frase: \u201cEl 28 yo me sumo\u201d, en un extracto grabado desde un veh\u00edculo en Espa\u00f1a.<\/p>\n\n\n\n<p>Hasta ahora, no est\u00e1n confirmados los puntos de concentraci\u00f3n en cada ciudad.<\/p>\n\n\n\n<p>No obstante, en sus \u00faltimas dos marchas, Mar\u00eda Corina ha tomado la avenida \u201cFrancisco de Miranda\u201d, de Chacao\u201d. como lugar de encuentro con sus adeptos.<\/p>\n\n\n\n<p><strong><em>Con informaci\u00f3n de Versi\u00f3n Final<\/em><\/strong><\/p>\n","protected":false},"excerpt":{"rendered":"<p>Los dirigentes opositores Mar\u00eda Corina Machado y Edmundo Gonz\u00e1lez Urrutia hicieron un llamado este s\u00e1bado 14 de septiembre para una \u201cmovilizaci\u00f3n mundial\u201d en rechazo a la persecuci\u00f3n pol\u00edtica y en reclamo por los resultados electores del 28 de julio pasado. A trav\u00e9s de un video compartido en redes sociales, m\u00e1s de 15 artistas venezolanos se [&hellip;]<\/p>\n","protected":false},"author":2,"featured_media":248671,"comment_status":"closed","ping_status":"closed","sticky":false,"template":"","format":"standard","meta":{"footnotes":""},"categories":[11],"tags":[],"class_list":{"0":"post-248670","1":"post","2":"type-post","3":"status-publish","4":"format-standard","5":"has-post-thumbnail","7":"category-politica"},"_links":{"self":[{"href":"https:\/\/elluchador.info\/index.php?rest_route=\/wp\/v2\/posts\/248670","targetHints":{"allow":["GET"]}}],"collection":[{"href":"https:\/\/elluchador.info\/index.php?rest_route=\/wp\/v2\/posts"}],"about":[{"href":"https:\/\/elluchador.info\/index.php?rest_route=\/wp\/v2\/types\/post"}],"author":[{"embeddable":true,"href":"https:\/\/elluchador.info\/index.php?rest_route=\/wp\/v2\/users\/2"}],"replies":[{"embeddable":true,"href":"https:\/\/elluchador.info\/index.php?rest_route=%2Fwp%2Fv2%2Fcomments&post=248670"}],"version-history":[{"count":1,"href":"https:\/\/elluchador.info\/index.php?rest_route=\/wp\/v2\/posts\/248670\/revisions"}],"predecessor-version":[{"id":248672,"href":"https:\/\/elluchador.info\/index.php?rest_route=\/wp\/v2\/posts\/248670\/revisions\/248672"}],"wp:featuredmedia":[{"embeddable":true,"href":"https:\/\/elluchador.info\/index.php?rest_route=\/wp\/v2\/media\/248671"}],"wp:attachment":[{"href":"https:\/\/elluchador.info\/index.php?rest_route=%2Fwp%2Fv2%2Fmedia&parent=248670"}],"wp:term":[{"taxonomy":"category","embeddable":true,"href":"https:\/\/elluchador.info\/index.php?rest_route=%2Fwp%2Fv2%2Fcategories&post=248670"},{"taxonomy":"post_tag","embeddable":true,"href":"https:\/\/elluchador.info\/index.php?rest_route=%2Fwp%2Fv2%2Ftags&post=248670"}],"curies":[{"name":"wp","href":"https:\/\/api.w.org\/{rel}","templated":true}]}}