{"id":248705,"date":"2024-09-15T15:23:00","date_gmt":"2024-09-15T19:23:00","guid":{"rendered":"https:\/\/elluchador.info\/?p=248705"},"modified":"2024-09-15T13:55:51","modified_gmt":"2024-09-15T17:55:51","slug":"espana-rechaza-rotundamente-acusaciones-de-intentar-desestabilizar-venezuela-defendemos-una-solucion-democratica-y-pacifica","status":"publish","type":"post","link":"https:\/\/elluchador.info\/?p=248705","title":{"rendered":"Espa\u00f1a rechaza rotundamente acusaciones de intentar desestabilizar Venezuela: Defendemos una soluci\u00f3n democr\u00e1tica y pac\u00edfica"},"content":{"rendered":"\n<p>Espa\u00f1a rechaz\u00f3 el domingo las acusaciones de Venezuela de fomentar un plan para \u00abdesestabilizar\u00bb el gobierno de Caracas, despu\u00e9s de que tres estadounidenses,\u00a0dos espa\u00f1oles\u00a0y un checo fueran detenidos en el pa\u00eds latinoamericano por vinculaciones a un supuesto complot contra el presidente Nicol\u00e1s Maduro.<\/p>\n\n\n\n<p>\u00ab<strong>Espa\u00f1a desmiente y rechaza rotundamente<\/strong>\u00a0cualquier insinuaci\u00f3n de estar implicada en una operaci\u00f3n de desestabilizaci\u00f3n pol\u00edtica en Venezuela\u00bb, dijo a\u00a0<em>AFP<\/em>\u00a0una fuente del Ministerio espa\u00f1ol de Relaciones Exteriores.<\/p>\n\n\n\n<p>El gobierno \u00abha constatado\u00bb que los dos detenidos espa\u00f1oles \u00abno forman parte\u00bb de la agencia de espionaje espa\u00f1ola CNI \u00abni de ning\u00fan otro organismo estatal\u00bb, indic\u00f3 la fuente.<\/p>\n\n\n\n<p><strong>\u00abEspa\u00f1a defiende una soluci\u00f3n democr\u00e1tica y pac\u00edfica a la situaci\u00f3n en Venezuela\u00bb<\/strong>, a\u00f1adi\u00f3.<\/p>\n\n\n\n<p>El gobierno de Venezuela anunci\u00f3 el s\u00e1bado la detenci\u00f3n de tres ciudadanos estadounidenses, dos espa\u00f1oles y un checo por estar relacionados con un supuesto complot para atacar al presidente Nicol\u00e1s Maduro y \u00abdesestabilizar\u00bb el pa\u00eds.<\/p>\n\n\n\n<p>Los arrestos se producen en medio de crecientes tensiones entre Venezuela y los gobiernos de Estados Unidos y Espa\u00f1a por las controvertidas elecciones del 28 de julio en las que Maduro fue proclamado reelecto.<\/p>\n\n\n\n<p>El ministro venezolano de Interior, Diosdado Cabello, dijo que los extranjeros arrestados est\u00e1n involucrados en planes&nbsp;<strong>\u00abterroristas\u00bb<\/strong>&nbsp;que inclu\u00edan atentar contra la vida del presidente Maduro y desestabilizar el pa\u00eds.<\/p>\n\n\n\n<p>Cabello identific\u00f3 a los detenidos como Wilbert Josep Casta\u00f1eda,<strong>&nbsp;\u00abmilitar activo\u00bb de Estados Unidos y \u00abjefe\u00bb del plan<\/strong>, y otros dos estadounidenses, as\u00ed como los espa\u00f1oles Jos\u00e9 Mar\u00eda Basoa y Andr\u00e9s Mart\u00ednez Adasme, y un ciudadano checo.<\/p>\n\n\n\n<p>El ministro vincul\u00f3 los supuestos planes para \u00abatacar\u00bb Venezuela a los centros de inteligencia de Espa\u00f1a, de Estados Unidos, y a la l\u00edder opositora Mar\u00eda Corina Machado y otros dirigentes.<\/p>\n\n\n\n<h2 class=\"wp-block-heading\">\u00abContingente de mercenarios\u00bb<\/h2>\n\n\n\n<p>Los dos espa\u00f1oles fueron capturados en Puerto Ayacucho, y \u00abson parte de un contingente de mercenarios del gobierno espa\u00f1ol, a trav\u00e9s de su central de inteligencia, para atacar al pa\u00eds\u00bb, dijo Cabello.<\/p>\n\n\n\n<p>Tambi\u00e9n acus\u00f3 al gobierno de Estados Unidos de estar vinculado a la operaci\u00f3n, unas afirmaciones que Washington neg\u00f3 tajantemente.<\/p>\n\n\n\n<p>\u00abEstados Unidos sigue apoyando una soluci\u00f3n democr\u00e1tica a la crisis pol\u00edtica en Venezuela\u00bb, dijo un portavoz del Departamento de Estado estadounidense.<\/p>\n\n\n\n<p>Los dos ciudadanos espa\u00f1oles estaban de vacaciones en Venezuela, asegur\u00f3 el padre de Mart\u00ednez Adasme al diario&nbsp;<em>El Mundo<\/em>.<\/p>\n\n\n\n<p>\u00abMi hijo no trabaja para el CNI, claro que no\u00bb, afirm\u00f3. \u00abEstamos esperando informaci\u00f3n por v\u00eda consular y de la embajada\u00bb, explic\u00f3, \u00aba\u00fan no sabemos bajo qu\u00e9 acusaci\u00f3n o motivo lo han detenido\u00bb.<\/p>\n\n\n\n<h2 class=\"wp-block-heading\">Tensi\u00f3n entre Madrid y Caracas<\/h2>\n\n\n\n<p>La tensi\u00f3n entre Madrid y Caracas aument\u00f3 en los \u00faltimos d\u00edas despu\u00e9s de que el candidato opositor Edmundo Gonz\u00e1lez Urrutia llegara hace una semana a Espa\u00f1a para pedir asilo tras un mes en la clandestinidad en su pa\u00eds, donde es solicitado por la justicia.<\/p>\n\n\n\n<p>En respuesta,&nbsp;<strong>Venezuela llam\u00f3 a consultas a su embajadora en Madrid<\/strong>&nbsp;y cit\u00f3 al embajador espa\u00f1ol en Caracas para protestar por los cuestionamientos a la reelecci\u00f3n de Maduro.<\/p>\n\n\n\n<p>El jefe del gobierno espa\u00f1ol, Pedro S\u00e1nchez, se reuni\u00f3 esta semana en La Moncloa con Gonz\u00e1lez Urrutia.<\/p>\n\n\n\n<p><strong>S\u00e1nchez no reconoce la victoria de Maduro<\/strong>, pero tampoco la de su rival.&nbsp;Ha insistido, en consonancia con la posici\u00f3n de la Uni\u00f3n Europea, en reclamar la publicaci\u00f3n de las actas electorales.<\/p>\n\n\n\n<p>Washington, que reconoce la victoria de la oposici\u00f3n, anunci\u00f3 por su parte esta semana sanciones contra 16 funcionarios venezolanos, entre ellos la presidenta del Tribunal Supremo, por el \u00abfraude electoral\u00bb del 28 de julio. Venezuela lo recibi\u00f3 como una \u00abagresi\u00f3n\u00bb y Maduro condecor\u00f3 a cuatro militares objeto de las sanciones.<\/p>\n\n\n\n<p><strong><em>Con informaci\u00f3n de EN.<\/em><\/strong><\/p>\n","protected":false},"excerpt":{"rendered":"<p>Espa\u00f1a rechaz\u00f3 el domingo las acusaciones de Venezuela de fomentar un plan para \u00abdesestabilizar\u00bb el gobierno de Caracas, despu\u00e9s de que tres estadounidenses,\u00a0dos espa\u00f1oles\u00a0y un checo fueran detenidos en el pa\u00eds latinoamericano por vinculaciones a un supuesto complot contra el presidente Nicol\u00e1s Maduro. \u00abEspa\u00f1a desmiente y rechaza rotundamente\u00a0cualquier insinuaci\u00f3n de estar implicada en una operaci\u00f3n [&hellip;]<\/p>\n","protected":false},"author":2,"featured_media":248706,"comment_status":"closed","ping_status":"closed","sticky":false,"template":"","format":"standard","meta":{"footnotes":""},"categories":[8],"tags":[],"class_list":{"0":"post-248705","1":"post","2":"type-post","3":"status-publish","4":"format-standard","5":"has-post-thumbnail","7":"category-internacionales"},"_links":{"self":[{"href":"https:\/\/elluchador.info\/index.php?rest_route=\/wp\/v2\/posts\/248705","targetHints":{"allow":["GET"]}}],"collection":[{"href":"https:\/\/elluchador.info\/index.php?rest_route=\/wp\/v2\/posts"}],"about":[{"href":"https:\/\/elluchador.info\/index.php?rest_route=\/wp\/v2\/types\/post"}],"author":[{"embeddable":true,"href":"https:\/\/elluchador.info\/index.php?rest_route=\/wp\/v2\/users\/2"}],"replies":[{"embeddable":true,"href":"https:\/\/elluchador.info\/index.php?rest_route=%2Fwp%2Fv2%2Fcomments&post=248705"}],"version-history":[{"count":1,"href":"https:\/\/elluchador.info\/index.php?rest_route=\/wp\/v2\/posts\/248705\/revisions"}],"predecessor-version":[{"id":248707,"href":"https:\/\/elluchador.info\/index.php?rest_route=\/wp\/v2\/posts\/248705\/revisions\/248707"}],"wp:featuredmedia":[{"embeddable":true,"href":"https:\/\/elluchador.info\/index.php?rest_route=\/wp\/v2\/media\/248706"}],"wp:attachment":[{"href":"https:\/\/elluchador.info\/index.php?rest_route=%2Fwp%2Fv2%2Fmedia&parent=248705"}],"wp:term":[{"taxonomy":"category","embeddable":true,"href":"https:\/\/elluchador.info\/index.php?rest_route=%2Fwp%2Fv2%2Fcategories&post=248705"},{"taxonomy":"post_tag","embeddable":true,"href":"https:\/\/elluchador.info\/index.php?rest_route=%2Fwp%2Fv2%2Ftags&post=248705"}],"curies":[{"name":"wp","href":"https:\/\/api.w.org\/{rel}","templated":true}]}}