{"id":248714,"date":"2024-09-15T15:53:00","date_gmt":"2024-09-15T19:53:00","guid":{"rendered":"https:\/\/elluchador.info\/?p=248714"},"modified":"2024-09-15T13:59:35","modified_gmt":"2024-09-15T17:59:35","slug":"polo-cientifico-tecnologico-venezolano-cumple-tres-anos-al-servicio-de-la-innovacion","status":"publish","type":"post","link":"https:\/\/elluchador.info\/?p=248714","title":{"rendered":"Polo Cient\u00edfico Tecnol\u00f3gico Venezolano cumple tres a\u00f1os al servicio de la innovaci\u00f3n"},"content":{"rendered":"\n<p>El 15 de septiembre de 2021 el presidente de la Rep\u00fablica Bolivariana de Venezuela, Nicol\u00e1s Maduro Moros anunci\u00f3 la creaci\u00f3n del Polo Cient\u00edfico Tecnol\u00f3gico Venezolano para articular las ciencias aplicadas con todas las instancias destinadas al desarrollo tecnol\u00f3gico nacional.<\/p>\n\n\n\n<p>El Polo Cient\u00edfico nace a la luz de una revoluci\u00f3n socialista que busca garantizar el bienestar del pueblo, vali\u00e9ndose del talento humano arraigado en el poder popular, los innovadores, innovadoras, productores, productoras, campesinos, campesinas, cient\u00edficos, cient\u00edficas y tecn\u00f3logos, para desarrollar e innovar en salud, ingenier\u00eda y soberan\u00eda agroalimentaria.<\/p>\n\n\n\n<p>La vicepresidenta sectorial de Ciencia, Tecnolog\u00eda, Educaci\u00f3n y Salud, Gabriela Jim\u00e9nez destac\u00f3 que \u201choy es una meta alcanzada por el Gobierno Bolivariano, que acompa\u00f1a el legado del comandante Hugo Ch\u00e1vez de construir la Venezuela Potencia\u201d.<\/p>\n\n\n\n<p>El ente integra todas las capacidades de educaci\u00f3n, conocimiento y ciencia en todas sus ramas, para seguir venciendo las Medidas Coercitivas Unilaterales impuestas por Estados Unidos.&nbsp; \u201cEl Polo Cient\u00edfico es nuestra ciencia y tecnolog\u00eda al servicio de la producci\u00f3n de alimentos, medicinas; es un espacio de construcci\u00f3n para la recuperaci\u00f3n de nuestras industrias y de muchos otros sectores\u201d, puntualiz\u00f3 Jim\u00e9nez.&nbsp;<\/p>\n\n\n\n<p><strong>Mincyt<\/strong><\/p>\n","protected":false},"excerpt":{"rendered":"<p>El 15 de septiembre de 2021 el presidente de la Rep\u00fablica Bolivariana de Venezuela, Nicol\u00e1s Maduro Moros anunci\u00f3 la creaci\u00f3n del Polo Cient\u00edfico Tecnol\u00f3gico Venezolano para articular las ciencias aplicadas con todas las instancias destinadas al desarrollo tecnol\u00f3gico nacional. El Polo Cient\u00edfico nace a la luz de una revoluci\u00f3n socialista que busca garantizar el bienestar [&hellip;]<\/p>\n","protected":false},"author":2,"featured_media":248715,"comment_status":"closed","ping_status":"closed","sticky":false,"template":"","format":"standard","meta":{"footnotes":""},"categories":[14],"tags":[],"class_list":{"0":"post-248714","1":"post","2":"type-post","3":"status-publish","4":"format-standard","5":"has-post-thumbnail","7":"category-tecnologia"},"_links":{"self":[{"href":"https:\/\/elluchador.info\/index.php?rest_route=\/wp\/v2\/posts\/248714","targetHints":{"allow":["GET"]}}],"collection":[{"href":"https:\/\/elluchador.info\/index.php?rest_route=\/wp\/v2\/posts"}],"about":[{"href":"https:\/\/elluchador.info\/index.php?rest_route=\/wp\/v2\/types\/post"}],"author":[{"embeddable":true,"href":"https:\/\/elluchador.info\/index.php?rest_route=\/wp\/v2\/users\/2"}],"replies":[{"embeddable":true,"href":"https:\/\/elluchador.info\/index.php?rest_route=%2Fwp%2Fv2%2Fcomments&post=248714"}],"version-history":[{"count":1,"href":"https:\/\/elluchador.info\/index.php?rest_route=\/wp\/v2\/posts\/248714\/revisions"}],"predecessor-version":[{"id":248716,"href":"https:\/\/elluchador.info\/index.php?rest_route=\/wp\/v2\/posts\/248714\/revisions\/248716"}],"wp:featuredmedia":[{"embeddable":true,"href":"https:\/\/elluchador.info\/index.php?rest_route=\/wp\/v2\/media\/248715"}],"wp:attachment":[{"href":"https:\/\/elluchador.info\/index.php?rest_route=%2Fwp%2Fv2%2Fmedia&parent=248714"}],"wp:term":[{"taxonomy":"category","embeddable":true,"href":"https:\/\/elluchador.info\/index.php?rest_route=%2Fwp%2Fv2%2Fcategories&post=248714"},{"taxonomy":"post_tag","embeddable":true,"href":"https:\/\/elluchador.info\/index.php?rest_route=%2Fwp%2Fv2%2Ftags&post=248714"}],"curies":[{"name":"wp","href":"https:\/\/api.w.org\/{rel}","templated":true}]}}