{"id":248720,"date":"2024-09-15T16:23:00","date_gmt":"2024-09-15T20:23:00","guid":{"rendered":"https:\/\/elluchador.info\/?p=248720"},"modified":"2024-09-15T15:38:52","modified_gmt":"2024-09-15T19:38:52","slug":"venezuela-y-benin-se-plantean-intercambios-de-conocimientos-ancestrales","status":"publish","type":"post","link":"https:\/\/elluchador.info\/?p=248720","title":{"rendered":"Venezuela y Ben\u00edn se plantean intercambios de conocimientos ancestrales"},"content":{"rendered":"\n<p>El embajador de Venezuela designado en Ben\u00edn, Jes\u00fas Garc\u00eda, se reuni\u00f3 con autoridades del Instituto Polit\u00e9cnico Ewe-Meyi, profesores Assogba Silvestre y Claudine Abbey, y se plante\u00f3 la necesidad compartida de realizar intercambios de conocimientos ancestrales, as\u00ed como protecci\u00f3n de la madre tierra ante la crisis clim\u00e1tica que vive el planeta.<br>\u00a0<br>\u00abNo podemos seguir aceptando que las farmac\u00e9uticas transnacionales roben nuestros conocimientos, los patente y luego los comercialicen a precios elevados. Queremos hacer intercambios para producir biofertilizantes que no contaminen la tierra. Pronto avanzaremos en memor\u00e1ndum de entendimiento para entrelazar estas experiencias en el marco de la cooperaci\u00f3n sur-sur\u201d, indic\u00f3 el diplom\u00e1tico venezolano.<br>\u00a0<br>El pasado 23 de abril, la Asamblea Nacional (AN) de Venezuela aprob\u00f3 la designaci\u00f3n de Jes\u00fas Alberto Garc\u00eda, quien ejerci\u00f3 como Embajador en Angola y C\u00f3nsul General en Nueva Orleans (Estados Unidos), como embajador designado de Venezuela ante la Rep\u00fablica de Ben\u00edn, concurrente ante la Rep\u00fablica de C\u00f3te d\u2019Ivoire, Rep\u00fablica de Ghana, Rep\u00fablica Togolesa y como Representante Permanente ante la Organizaci\u00f3n Internacional del Cacao (ICCO).<br>\u00a0<br><strong>Embajada de Venezuela en Ben\u00edn<\/strong><\/p>\n","protected":false},"excerpt":{"rendered":"<p>El embajador de Venezuela designado en Ben\u00edn, Jes\u00fas Garc\u00eda, se reuni\u00f3 con autoridades del Instituto Polit\u00e9cnico Ewe-Meyi, profesores Assogba Silvestre y Claudine Abbey, y se plante\u00f3 la necesidad compartida de realizar intercambios de conocimientos ancestrales, as\u00ed como protecci\u00f3n de la madre tierra ante la crisis clim\u00e1tica que vive el planeta.\u00a0\u00abNo podemos seguir aceptando que las [&hellip;]<\/p>\n","protected":false},"author":2,"featured_media":248721,"comment_status":"closed","ping_status":"closed","sticky":false,"template":"","format":"standard","meta":{"footnotes":""},"categories":[9,11],"tags":[],"class_list":{"0":"post-248720","1":"post","2":"type-post","3":"status-publish","4":"format-standard","5":"has-post-thumbnail","7":"category-nacionales","8":"category-politica"},"_links":{"self":[{"href":"https:\/\/elluchador.info\/index.php?rest_route=\/wp\/v2\/posts\/248720","targetHints":{"allow":["GET"]}}],"collection":[{"href":"https:\/\/elluchador.info\/index.php?rest_route=\/wp\/v2\/posts"}],"about":[{"href":"https:\/\/elluchador.info\/index.php?rest_route=\/wp\/v2\/types\/post"}],"author":[{"embeddable":true,"href":"https:\/\/elluchador.info\/index.php?rest_route=\/wp\/v2\/users\/2"}],"replies":[{"embeddable":true,"href":"https:\/\/elluchador.info\/index.php?rest_route=%2Fwp%2Fv2%2Fcomments&post=248720"}],"version-history":[{"count":1,"href":"https:\/\/elluchador.info\/index.php?rest_route=\/wp\/v2\/posts\/248720\/revisions"}],"predecessor-version":[{"id":248722,"href":"https:\/\/elluchador.info\/index.php?rest_route=\/wp\/v2\/posts\/248720\/revisions\/248722"}],"wp:featuredmedia":[{"embeddable":true,"href":"https:\/\/elluchador.info\/index.php?rest_route=\/wp\/v2\/media\/248721"}],"wp:attachment":[{"href":"https:\/\/elluchador.info\/index.php?rest_route=%2Fwp%2Fv2%2Fmedia&parent=248720"}],"wp:term":[{"taxonomy":"category","embeddable":true,"href":"https:\/\/elluchador.info\/index.php?rest_route=%2Fwp%2Fv2%2Fcategories&post=248720"},{"taxonomy":"post_tag","embeddable":true,"href":"https:\/\/elluchador.info\/index.php?rest_route=%2Fwp%2Fv2%2Ftags&post=248720"}],"curies":[{"name":"wp","href":"https:\/\/api.w.org\/{rel}","templated":true}]}}