{"id":248723,"date":"2024-09-15T16:33:00","date_gmt":"2024-09-15T20:33:00","guid":{"rendered":"https:\/\/elluchador.info\/?p=248723"},"modified":"2024-09-15T15:17:02","modified_gmt":"2024-09-15T19:17:02","slug":"ecuador-anuncia-apagon-nacional-en-el-sistema-electrico","status":"publish","type":"post","link":"https:\/\/elluchador.info\/?p=248723","title":{"rendered":"Ecuador anuncia apag\u00f3n nacional en el sistema el\u00e9ctrico"},"content":{"rendered":"\n<p>Ecuador se quedar\u00e1 sin electricidad por al menos ocho horas la noche del mi\u00e9rcoles y madrugada del jueves debido a un \u00abmantenimiento preventivo\u00bb en el sistema de transmisi\u00f3n de energ\u00eda, anunci\u00f3 la presidencia este domingo.<\/p>\n\n\n\n<p>\u00abSe suspender\u00e1 el servicio de luz a escala nacional\u00bb desde las 10:00 p.m. del mi\u00e9rcoles hasta las 06:00 a.m. del jueves, hora local, dispuso el presidente Daniel Noboa.<\/p>\n\n\n\n<p>Los trabajos se llevar\u00e1n a cabo en cuatro subestaciones del sistema nacional de tranmisi\u00f3n en las provincias de Morona Santiago, Santa Elena, Guayas y Azuay.<\/p>\n\n\n\n<p>Ecuador sufri\u00f3 apagones programados de hasta 13 horas en abril pasado debido a una prolongada sequ\u00eda que llev\u00f3 al m\u00ednimo los embalses para generaci\u00f3n de energ\u00eda hidr\u00e1ulica. La represa de Mazar en Azuay, que abastece a la principal hidroel\u00e9ctrica del pa\u00eds, lleg\u00f3 a registrar niveles de 0 % de agua a mediados de ese mes.<\/p>\n\n\n\n<p>Los cortes terminaron temporalmente en mayo con la vuelta de las lluvias, pero nuevos racionamientos se decretaron en junio a causa de la acumulaci\u00f3n de sedimentos en Mazar.<\/p>\n\n\n\n<p>Hace una semana, un nuevo apag\u00f3n temporal lleg\u00f3 sin aviso \u00abdebido a una falla en la barra\u00bb de una subestaci\u00f3n conectada al sistema de generaci\u00f3n de Paute, anunci\u00f3 entonces el Operador Nacional de Electricidad (Cenace).<\/p>\n\n\n\n<p>Adem\u00e1s, el sector el\u00e9ctrico fue declarado en emergencia en agosto debido a nuevos registros de bajos caudales en los r\u00edos. En Ecuador, 92 % de la energ\u00eda el\u00e9ctrica proviene de centrales hidr\u00e1ulicas.<\/p>\n\n\n\n<p><strong><em>Con informaci\u00f3n de EU.<\/em><\/strong><\/p>\n","protected":false},"excerpt":{"rendered":"<p>Ecuador se quedar\u00e1 sin electricidad por al menos ocho horas la noche del mi\u00e9rcoles y madrugada del jueves debido a un \u00abmantenimiento preventivo\u00bb en el sistema de transmisi\u00f3n de energ\u00eda, anunci\u00f3 la presidencia este domingo. \u00abSe suspender\u00e1 el servicio de luz a escala nacional\u00bb desde las 10:00 p.m. del mi\u00e9rcoles hasta las 06:00 a.m. del [&hellip;]<\/p>\n","protected":false},"author":2,"featured_media":248724,"comment_status":"closed","ping_status":"closed","sticky":false,"template":"","format":"standard","meta":{"footnotes":""},"categories":[8],"tags":[],"class_list":{"0":"post-248723","1":"post","2":"type-post","3":"status-publish","4":"format-standard","5":"has-post-thumbnail","7":"category-internacionales"},"_links":{"self":[{"href":"https:\/\/elluchador.info\/index.php?rest_route=\/wp\/v2\/posts\/248723","targetHints":{"allow":["GET"]}}],"collection":[{"href":"https:\/\/elluchador.info\/index.php?rest_route=\/wp\/v2\/posts"}],"about":[{"href":"https:\/\/elluchador.info\/index.php?rest_route=\/wp\/v2\/types\/post"}],"author":[{"embeddable":true,"href":"https:\/\/elluchador.info\/index.php?rest_route=\/wp\/v2\/users\/2"}],"replies":[{"embeddable":true,"href":"https:\/\/elluchador.info\/index.php?rest_route=%2Fwp%2Fv2%2Fcomments&post=248723"}],"version-history":[{"count":1,"href":"https:\/\/elluchador.info\/index.php?rest_route=\/wp\/v2\/posts\/248723\/revisions"}],"predecessor-version":[{"id":248725,"href":"https:\/\/elluchador.info\/index.php?rest_route=\/wp\/v2\/posts\/248723\/revisions\/248725"}],"wp:featuredmedia":[{"embeddable":true,"href":"https:\/\/elluchador.info\/index.php?rest_route=\/wp\/v2\/media\/248724"}],"wp:attachment":[{"href":"https:\/\/elluchador.info\/index.php?rest_route=%2Fwp%2Fv2%2Fmedia&parent=248723"}],"wp:term":[{"taxonomy":"category","embeddable":true,"href":"https:\/\/elluchador.info\/index.php?rest_route=%2Fwp%2Fv2%2Fcategories&post=248723"},{"taxonomy":"post_tag","embeddable":true,"href":"https:\/\/elluchador.info\/index.php?rest_route=%2Fwp%2Fv2%2Ftags&post=248723"}],"curies":[{"name":"wp","href":"https:\/\/api.w.org\/{rel}","templated":true}]}}