{"id":248729,"date":"2024-09-15T16:53:00","date_gmt":"2024-09-15T20:53:00","guid":{"rendered":"https:\/\/elluchador.info\/?p=248729"},"modified":"2024-09-15T15:18:51","modified_gmt":"2024-09-15T19:18:51","slug":"canciller-gil-califica-a-borrell-de-vocero-del-mal-tras-declaraciones-contra-venezuela","status":"publish","type":"post","link":"https:\/\/elluchador.info\/?p=248729","title":{"rendered":"Canciller Gil califica a Borrell de vocero del mal tras declaraciones contra Venezuela"},"content":{"rendered":"\n<p>El canciller de la Rep\u00fablica Bolivariana de Venezuela, Yv\u00e1n Gil, a trav\u00e9s de su cuenta oficial de la red social Telegram calific\u00f3 al&nbsp;alto representante para la Pol\u00edtica Exterior de la Uni\u00f3n&nbsp;<strong>Europea<\/strong>, Josep Borrell como vocero del mal&nbsp;tras sus declaraciones injerencistas contra el pa\u00eds.&nbsp;<\/p>\n\n\n\n<p>En ese sentido, Gil expres\u00f3&nbsp;que Borrell se encuentra en \u201cel basural de la historia\u201d, refiri\u00e9ndose a su af\u00e1n de dar entrevistas y actuar como \u201cvocero del mal\u201d.&nbsp;<\/p>\n\n\n\n<p>De esta manera, el canciller venezolano calific\u00f3 a Borrell que su retirada de la pol\u00edtica es \u201ccon las manos manchadas de sangre, doblemente fracasado en sus intentos por da\u00f1ar al pueblo venezolano, inventando gobiernos ficticios (Guaid\u00f3 1.0 y 2.0)\u201d.<\/p>\n\n\n\n<p>Adem\u00e1s, el diplom\u00e1tico&nbsp;venezolano acus\u00f3 a Josep Borrell de convertir a la Uni\u00f3n Europea en una instituci\u00f3n \u201cdecr\u00e9pita, colonialista y guerrerista\u201d. En Venezuela, estas acciones son vistas con \u201cpena ajena\u201d, seg\u00fan las palabras del titular de la cartera de Relaciones Exteriores, quien destac\u00f3 el oscuro legado que, a su juicio, deja el funcionario espa\u00f1ol.&nbsp;<\/p>\n\n\n\n<p>Estas declaraciones reflejan la postura del Gobierno venezolano frente a las acciones y declaraciones de Josep Borrell que realiz\u00f3 en una entrevista a medios internacionales, donde amenaza a Venezuela.<\/p>\n\n\n\n<p><strong><em>Con informaci\u00f3n de VTV<\/em><\/strong><\/p>\n","protected":false},"excerpt":{"rendered":"<p>El canciller de la Rep\u00fablica Bolivariana de Venezuela, Yv\u00e1n Gil, a trav\u00e9s de su cuenta oficial de la red social Telegram calific\u00f3 al&nbsp;alto representante para la Pol\u00edtica Exterior de la Uni\u00f3n&nbsp;Europea, Josep Borrell como vocero del mal&nbsp;tras sus declaraciones injerencistas contra el pa\u00eds.&nbsp; En ese sentido, Gil expres\u00f3&nbsp;que Borrell se encuentra en \u201cel basural de [&hellip;]<\/p>\n","protected":false},"author":2,"featured_media":248730,"comment_status":"closed","ping_status":"closed","sticky":false,"template":"","format":"standard","meta":{"footnotes":""},"categories":[11],"tags":[],"class_list":{"0":"post-248729","1":"post","2":"type-post","3":"status-publish","4":"format-standard","5":"has-post-thumbnail","7":"category-politica"},"_links":{"self":[{"href":"https:\/\/elluchador.info\/index.php?rest_route=\/wp\/v2\/posts\/248729","targetHints":{"allow":["GET"]}}],"collection":[{"href":"https:\/\/elluchador.info\/index.php?rest_route=\/wp\/v2\/posts"}],"about":[{"href":"https:\/\/elluchador.info\/index.php?rest_route=\/wp\/v2\/types\/post"}],"author":[{"embeddable":true,"href":"https:\/\/elluchador.info\/index.php?rest_route=\/wp\/v2\/users\/2"}],"replies":[{"embeddable":true,"href":"https:\/\/elluchador.info\/index.php?rest_route=%2Fwp%2Fv2%2Fcomments&post=248729"}],"version-history":[{"count":1,"href":"https:\/\/elluchador.info\/index.php?rest_route=\/wp\/v2\/posts\/248729\/revisions"}],"predecessor-version":[{"id":248731,"href":"https:\/\/elluchador.info\/index.php?rest_route=\/wp\/v2\/posts\/248729\/revisions\/248731"}],"wp:featuredmedia":[{"embeddable":true,"href":"https:\/\/elluchador.info\/index.php?rest_route=\/wp\/v2\/media\/248730"}],"wp:attachment":[{"href":"https:\/\/elluchador.info\/index.php?rest_route=%2Fwp%2Fv2%2Fmedia&parent=248729"}],"wp:term":[{"taxonomy":"category","embeddable":true,"href":"https:\/\/elluchador.info\/index.php?rest_route=%2Fwp%2Fv2%2Fcategories&post=248729"},{"taxonomy":"post_tag","embeddable":true,"href":"https:\/\/elluchador.info\/index.php?rest_route=%2Fwp%2Fv2%2Ftags&post=248729"}],"curies":[{"name":"wp","href":"https:\/\/api.w.org\/{rel}","templated":true}]}}