{"id":248831,"date":"2024-09-16T15:08:32","date_gmt":"2024-09-16T19:08:32","guid":{"rendered":"https:\/\/elluchador.info\/?p=248831"},"modified":"2024-09-16T15:08:35","modified_gmt":"2024-09-16T19:08:35","slug":"antonio-ecarri-asumiremos-la-defensa-de-los-detenidos-por-las-protestas-poselectorales","status":"publish","type":"post","link":"https:\/\/elluchador.info\/?p=248831","title":{"rendered":"Antonio Ecarri: Asumiremos la defensa de los detenidos por las protestas poselectorales"},"content":{"rendered":"\n<p>Antonio Ecarri, presidente nacional de la Alianza del L\u00e1piz, anunci\u00f3 que esa organizaci\u00f3n asumir\u00e1 la defensa de los presos y detenidos luego de la elecci\u00f3n del 28 de julio. \u00abEso ha sido una decisi\u00f3n un\u00e1nime del l\u00e1piz, la defensa de los presos y detenidos por las protestas poselectorales. Vamos a subir la defensa de cada caso, vamos a estudiar cada caso porque este pa\u00eds est\u00e1 lleno de injusticia y de arbitrariedades\u00bb, dijo en una rueda de prensa este lunes en la sede del partido.<\/p>\n\n\n\n<p>En ese sentido, Ecarri sostuvo que \u00abel di\u00e1logo es para liberar a cientos de detenidos que protestaron porque si le cierran el caso de Edmundo Gonz\u00e1lez, tambi\u00e9n tienen que cerrar el caso a los miles de personas que protestaron en su nombre\u00bb.<\/p>\n\n\n\n<p>\u00abNosotros vamos a cuidar el derecho constitucional. El l\u00e1piz se convierte por decisi\u00f3n de este Consejo Superior en un instrumento para proteger el derecho a protestar que tenemos los venezolanos por la grave situaci\u00f3n que vive el pa\u00eds\u00bb, sostuvo.<\/p>\n\n\n\n<p>El dirigente, en la rueda de prensa, anunci\u00f3 que la organizaci\u00f3n que representa se acercar\u00e1 a las ONG para solicitar alguna informaci\u00f3n referente a los presos pol\u00edticos detenidos por los cuerpos de seguridad del Estado. \u00abVamos a defender a los cientos de actores del pueblo, de ese pueblo llano, de ese pueblo humilde, que sali\u00f3 a protestar por las carencias que tienen. Hay un pueblo que no puede seguir viviendo en esas condiciones. Nicol\u00e1s Maduro, si le sigues poniendo obst\u00e1culos a la protesta y no la sabes canalizar, vas a terminar con el pa\u00eds incendiado\u00bb, asever\u00f3.<\/p>\n\n\n\n<p>Ecarri aprovech\u00f3 la oportunidad para rechazar las amenazas contras las autoridades del pa\u00eds. \u00abTenemos que rechazar de manera categ\u00f3rica que desde otros pa\u00edses promuevan p\u00e1ginas y campa\u00f1as para asesinar al Presidente de la Rep\u00fablica y a la vicepresidenta\u00bb.<\/p>\n\n\n\n<p>\u00abL\u00e1piz continuar\u00e1, por la v\u00eda que hemos acordado, el respeto a la ley, el respeto a las instituciones y el respeto absoluto a la soberan\u00eda popular, pero dentro de las instituciones y dentro de Venezuela, con criterio nacionalista y con criterios soberanista\u00bb, expres\u00f3.<\/p>\n\n\n\n<p>Adem\u00e1s, indic\u00f3 que \u00ablos venezolanos tenemos que estar dispuestos a resolver nuestros conflictos y no hablarle micr\u00f3fono. \u00abNosotros siempre vamos a estar en contra de cualquier llamado a laviolencia,a as\u00ed como rechazamos la represi\u00f3n, rechazamos la violencia. Es que no nos gusta ni la violencia ni la represi\u00f3n porque lo que traen es pobreza y miseria\u00bb.<\/p>\n\n\n\n<p>Con informaci\u00f3n <strong><em><mark style=\"background-color:rgba(0, 0, 0, 0)\" class=\"has-inline-color has-luminous-vivid-amber-color\">Contrapunto<\/mark><\/em><\/strong><\/p>\n","protected":false},"excerpt":{"rendered":"<p>Antonio Ecarri, presidente nacional de la Alianza del L\u00e1piz, anunci\u00f3 que esa organizaci\u00f3n asumir\u00e1 la defensa de los presos y detenidos luego de la elecci\u00f3n del 28 de julio. \u00abEso ha sido una decisi\u00f3n un\u00e1nime del l\u00e1piz, la defensa de los presos y detenidos por las protestas poselectorales. Vamos a subir la defensa de cada [&hellip;]<\/p>\n","protected":false},"author":33,"featured_media":248832,"comment_status":"closed","ping_status":"closed","sticky":false,"template":"","format":"standard","meta":{"footnotes":""},"categories":[11],"tags":[2041,394],"class_list":{"0":"post-248831","1":"post","2":"type-post","3":"status-publish","4":"format-standard","5":"has-post-thumbnail","7":"category-politica","8":"tag-ecarri","9":"tag-presos"},"_links":{"self":[{"href":"https:\/\/elluchador.info\/index.php?rest_route=\/wp\/v2\/posts\/248831","targetHints":{"allow":["GET"]}}],"collection":[{"href":"https:\/\/elluchador.info\/index.php?rest_route=\/wp\/v2\/posts"}],"about":[{"href":"https:\/\/elluchador.info\/index.php?rest_route=\/wp\/v2\/types\/post"}],"author":[{"embeddable":true,"href":"https:\/\/elluchador.info\/index.php?rest_route=\/wp\/v2\/users\/33"}],"replies":[{"embeddable":true,"href":"https:\/\/elluchador.info\/index.php?rest_route=%2Fwp%2Fv2%2Fcomments&post=248831"}],"version-history":[{"count":1,"href":"https:\/\/elluchador.info\/index.php?rest_route=\/wp\/v2\/posts\/248831\/revisions"}],"predecessor-version":[{"id":248833,"href":"https:\/\/elluchador.info\/index.php?rest_route=\/wp\/v2\/posts\/248831\/revisions\/248833"}],"wp:featuredmedia":[{"embeddable":true,"href":"https:\/\/elluchador.info\/index.php?rest_route=\/wp\/v2\/media\/248832"}],"wp:attachment":[{"href":"https:\/\/elluchador.info\/index.php?rest_route=%2Fwp%2Fv2%2Fmedia&parent=248831"}],"wp:term":[{"taxonomy":"category","embeddable":true,"href":"https:\/\/elluchador.info\/index.php?rest_route=%2Fwp%2Fv2%2Fcategories&post=248831"},{"taxonomy":"post_tag","embeddable":true,"href":"https:\/\/elluchador.info\/index.php?rest_route=%2Fwp%2Fv2%2Ftags&post=248831"}],"curies":[{"name":"wp","href":"https:\/\/api.w.org\/{rel}","templated":true}]}}