{"id":248862,"date":"2024-09-16T17:43:51","date_gmt":"2024-09-16T21:43:51","guid":{"rendered":"https:\/\/elluchador.info\/?p=248862"},"modified":"2024-09-16T17:43:56","modified_gmt":"2024-09-16T21:43:56","slug":"espana-solicita-a-venezuela-informacion-sobre-sus-detenidos","status":"publish","type":"post","link":"https:\/\/elluchador.info\/?p=248862","title":{"rendered":"Espa\u00f1a solicita a Venezuela \u00abinformaci\u00f3n\u00bb sobre sus detenidos"},"content":{"rendered":"\n<p>El gobierno espa\u00f1ol reclam\u00f3 este lunes a Venezuela \u00abinformaci\u00f3n oficial y verificada\u00bb sobre los dos espa\u00f1oles detenidos en el pa\u00eds junto a otros extranjeros bajo acusaci\u00f3n de estar vinculados a un supuesto complot contra Nicol\u00e1s Maduro.<\/p>\n\n\n\n<p>El Ministerio de Asuntos Exteriores espa\u00f1ol tambi\u00e9n exigi\u00f3 una \u00abclarificaci\u00f3n de los cargos de los que se les acusa\u00bb, se\u00f1al\u00f3 el ente en un comunicado.<\/p>\n\n\n\n<p>\u00abLa embajada espa\u00f1ola en Caracas est\u00e1 en contacto con la canciller\u00eda venezolana a la que ha trasladado que ejercer\u00e1 la protecci\u00f3n diplom\u00e1tica y consular de sus nacionales\u00bb prosigui\u00f3.<\/p>\n\n\n\n<p><strong>Detenciones por supuesto plan para \u00abdesestabilizar\u00bb Venezuela<\/strong><\/p>\n\n\n\n<p>El gobierno de Venezuela anunci\u00f3 el s\u00e1bado la detenci\u00f3n de tres ciudadanos estadounidenses, dos espa\u00f1oles y un checo por estar relacionados con un supuesto complot para atacar al l\u00edder chavista y \u00abdesestabilizar\u00bb el pa\u00eds.<\/p>\n\n\n\n<p>El domingo, Espa\u00f1a neg\u00f3 \u00abrotundamente cualquier insinuaci\u00f3n de estar implicada en una operaci\u00f3n de desestabilizaci\u00f3n pol\u00edtica en Venezuela\u00bb y desminti\u00f3 que los dos espa\u00f1oles detenidos formen parte de la agencia de espionaje espa\u00f1ola CNI u \u00abotro organismo estatal\u00bb.<\/p>\n\n\n\n<p>Con informaci\u00f3n <strong><em><mark style=\"background-color:rgba(0, 0, 0, 0)\" class=\"has-inline-color has-vivid-cyan-blue-color\">AFP<\/mark><\/em><\/strong><\/p>\n","protected":false},"excerpt":{"rendered":"<p>El gobierno espa\u00f1ol reclam\u00f3 este lunes a Venezuela \u00abinformaci\u00f3n oficial y verificada\u00bb sobre los dos espa\u00f1oles detenidos en el pa\u00eds junto a otros extranjeros bajo acusaci\u00f3n de estar vinculados a un supuesto complot contra Nicol\u00e1s Maduro. El Ministerio de Asuntos Exteriores espa\u00f1ol tambi\u00e9n exigi\u00f3 una \u00abclarificaci\u00f3n de los cargos de los que se les acusa\u00bb, [&hellip;]<\/p>\n","protected":false},"author":33,"featured_media":248863,"comment_status":"closed","ping_status":"closed","sticky":false,"template":"","format":"standard","meta":{"footnotes":""},"categories":[5,8],"tags":[592,394,105],"class_list":{"0":"post-248862","1":"post","2":"type-post","3":"status-publish","4":"format-standard","5":"has-post-thumbnail","7":"category-destacado","9":"tag-espana","10":"tag-presos","11":"tag-venezuela"},"_links":{"self":[{"href":"https:\/\/elluchador.info\/index.php?rest_route=\/wp\/v2\/posts\/248862","targetHints":{"allow":["GET"]}}],"collection":[{"href":"https:\/\/elluchador.info\/index.php?rest_route=\/wp\/v2\/posts"}],"about":[{"href":"https:\/\/elluchador.info\/index.php?rest_route=\/wp\/v2\/types\/post"}],"author":[{"embeddable":true,"href":"https:\/\/elluchador.info\/index.php?rest_route=\/wp\/v2\/users\/33"}],"replies":[{"embeddable":true,"href":"https:\/\/elluchador.info\/index.php?rest_route=%2Fwp%2Fv2%2Fcomments&post=248862"}],"version-history":[{"count":1,"href":"https:\/\/elluchador.info\/index.php?rest_route=\/wp\/v2\/posts\/248862\/revisions"}],"predecessor-version":[{"id":248864,"href":"https:\/\/elluchador.info\/index.php?rest_route=\/wp\/v2\/posts\/248862\/revisions\/248864"}],"wp:featuredmedia":[{"embeddable":true,"href":"https:\/\/elluchador.info\/index.php?rest_route=\/wp\/v2\/media\/248863"}],"wp:attachment":[{"href":"https:\/\/elluchador.info\/index.php?rest_route=%2Fwp%2Fv2%2Fmedia&parent=248862"}],"wp:term":[{"taxonomy":"category","embeddable":true,"href":"https:\/\/elluchador.info\/index.php?rest_route=%2Fwp%2Fv2%2Fcategories&post=248862"},{"taxonomy":"post_tag","embeddable":true,"href":"https:\/\/elluchador.info\/index.php?rest_route=%2Fwp%2Fv2%2Ftags&post=248862"}],"curies":[{"name":"wp","href":"https:\/\/api.w.org\/{rel}","templated":true}]}}