{"id":249067,"date":"2024-09-18T13:43:02","date_gmt":"2024-09-18T17:43:02","guid":{"rendered":"https:\/\/elluchador.info\/?p=249067"},"modified":"2024-09-18T13:43:06","modified_gmt":"2024-09-18T17:43:06","slug":"escuelas-municipales-preparadas-para-el-ano-escolar-2024-2025","status":"publish","type":"post","link":"https:\/\/elluchador.info\/?p=249067","title":{"rendered":"Escuelas municipales preparadas para el a\u00f1o escolar 2024-2025"},"content":{"rendered":"\n<p>Con la mejor actitud y el compromiso de asegurar una educaci\u00f3n de calidad para los ni\u00f1os y ni\u00f1as de las escuelas bajo la gesti\u00f3n del alcalde Sergio Hern\u00e1ndez, los docentes, personal administrativo y obrero regresan a clases para el inicio del a\u00f1o escolar 2024-2025, en un ambiente seguro, en paz y armon\u00eda.<\/p>\n\n\n\n<p>El ministro de Educaci\u00f3n, H\u00e9ctor Rodr\u00edguez, les dio la bienvenida a los responsables del sistema educativo del pa\u00eds a trav\u00e9s de una videoconferencia.<\/p>\n\n\n\n<p>Consciente de los obst\u00e1culos que ha enfrentado el gremio docente debido al bloqueo, Rodr\u00edguez enfatiz\u00f3 la necesidad de trabajar juntos como un solo equipo para asegurar que el futuro del pa\u00eds reciba la mejor educaci\u00f3n.<\/p>\n\n\n\n<p>En este sentido, se promover\u00e1 la visualizaci\u00f3n y sistematizaci\u00f3n de la formaci\u00f3n pedag\u00f3gica para el fortalecimiento y consolidaci\u00f3n de la educaci\u00f3n bolivariana, dando prioridad a la importancia de la lectura y la escritura en la escuela.<\/p>\n\n\n\n<figure class=\"wp-block-gallery has-nested-images columns-default is-cropped wp-block-gallery-1 is-layout-flex wp-block-gallery-is-layout-flex\">\n<figure class=\"wp-block-image size-large\"><img loading=\"lazy\" decoding=\"async\" width=\"889\" height=\"555\" data-id=\"249068\" src=\"https:\/\/elluchador.info\/wp-content\/uploads\/2024\/09\/IMG-20240917-WA0014.jpg\" alt=\"\" class=\"wp-image-249068\" srcset=\"https:\/\/elluchador.info\/wp-content\/uploads\/2024\/09\/IMG-20240917-WA0014.jpg 889w, https:\/\/elluchador.info\/wp-content\/uploads\/2024\/09\/IMG-20240917-WA0014-300x187.jpg 300w, https:\/\/elluchador.info\/wp-content\/uploads\/2024\/09\/IMG-20240917-WA0014-768x479.jpg 768w, https:\/\/elluchador.info\/wp-content\/uploads\/2024\/09\/IMG-20240917-WA0014-150x94.jpg 150w, https:\/\/elluchador.info\/wp-content\/uploads\/2024\/09\/IMG-20240917-WA0014-696x435.jpg 696w\" sizes=\"auto, (max-width: 889px) 100vw, 889px\" \/><\/figure>\n\n\n\n<figure class=\"wp-block-image size-large\"><img loading=\"lazy\" decoding=\"async\" width=\"750\" height=\"1000\" data-id=\"249069\" src=\"https:\/\/elluchador.info\/wp-content\/uploads\/2024\/09\/IMG-20240917-WA0015.jpg\" alt=\"\" class=\"wp-image-249069\" srcset=\"https:\/\/elluchador.info\/wp-content\/uploads\/2024\/09\/IMG-20240917-WA0015.jpg 750w, https:\/\/elluchador.info\/wp-content\/uploads\/2024\/09\/IMG-20240917-WA0015-225x300.jpg 225w, https:\/\/elluchador.info\/wp-content\/uploads\/2024\/09\/IMG-20240917-WA0015-150x200.jpg 150w, https:\/\/elluchador.info\/wp-content\/uploads\/2024\/09\/IMG-20240917-WA0015-300x400.jpg 300w, https:\/\/elluchador.info\/wp-content\/uploads\/2024\/09\/IMG-20240917-WA0015-696x928.jpg 696w\" sizes=\"auto, (max-width: 750px) 100vw, 750px\" \/><\/figure>\n<\/figure>\n\n\n\n<p>Marisol Garc\u00eda, directora de Educaci\u00f3n municipal, destac\u00f3 que desde el ejecutivo municipal se continuar\u00e1 cumpliendo con las orientaciones ministeriales, en consonancia con la realidad educativa.<\/p>\n\n\n\n<p>\u00abSiempre uno de nuestros objetivos es mejorar las condiciones generales de nuestros docentes para generar un ambiente arm\u00f3nico en los procesos que permitan la calidad educativa desde la municipalidad, y nuestro ministro H\u00e9ctor Rodr\u00edguez est\u00e1 en consonancia con la realidad educativa\u00bb, se\u00f1al\u00f3.<\/p>\n\n\n\n<p>Con estas acciones formativas, junto con el plan de mantenimiento para la optimizaci\u00f3n de espacios por el inicio del a\u00f1o escolar 2024-2025, la gesti\u00f3n del alcalde Sergio Hern\u00e1ndez se mantiene activa en las 10 escuelas municipales, de la mano de las Bricomiles, para la felicidad de nuestros ni\u00f1os y ni\u00f1as.<\/p>\n\n\n\n<p><strong><em><mark style=\"background-color:rgba(0, 0, 0, 0)\" class=\"has-inline-color has-vivid-red-color\">Prensa Alcald\u00eda AO<\/mark><\/em><\/strong><\/p>\n","protected":false},"excerpt":{"rendered":"<p>Con la mejor actitud y el compromiso de asegurar una educaci\u00f3n de calidad para los ni\u00f1os y ni\u00f1as de las escuelas bajo la gesti\u00f3n del alcalde Sergio Hern\u00e1ndez, los docentes, personal administrativo y obrero regresan a clases para el inicio del a\u00f1o escolar 2024-2025, en un ambiente seguro, en paz y armon\u00eda. El ministro de [&hellip;]<\/p>\n","protected":false},"author":33,"featured_media":249070,"comment_status":"closed","ping_status":"closed","sticky":false,"template":"","format":"standard","meta":{"footnotes":""},"categories":[20],"tags":[306,275,2061,1584],"class_list":{"0":"post-249067","1":"post","2":"type-post","3":"status-publish","4":"format-standard","5":"has-post-thumbnail","7":"category-municipal","8":"tag-ciudad-bolivar","9":"tag-clases","10":"tag-escolares","11":"tag-municipal"},"_links":{"self":[{"href":"https:\/\/elluchador.info\/index.php?rest_route=\/wp\/v2\/posts\/249067","targetHints":{"allow":["GET"]}}],"collection":[{"href":"https:\/\/elluchador.info\/index.php?rest_route=\/wp\/v2\/posts"}],"about":[{"href":"https:\/\/elluchador.info\/index.php?rest_route=\/wp\/v2\/types\/post"}],"author":[{"embeddable":true,"href":"https:\/\/elluchador.info\/index.php?rest_route=\/wp\/v2\/users\/33"}],"replies":[{"embeddable":true,"href":"https:\/\/elluchador.info\/index.php?rest_route=%2Fwp%2Fv2%2Fcomments&post=249067"}],"version-history":[{"count":1,"href":"https:\/\/elluchador.info\/index.php?rest_route=\/wp\/v2\/posts\/249067\/revisions"}],"predecessor-version":[{"id":249071,"href":"https:\/\/elluchador.info\/index.php?rest_route=\/wp\/v2\/posts\/249067\/revisions\/249071"}],"wp:featuredmedia":[{"embeddable":true,"href":"https:\/\/elluchador.info\/index.php?rest_route=\/wp\/v2\/media\/249070"}],"wp:attachment":[{"href":"https:\/\/elluchador.info\/index.php?rest_route=%2Fwp%2Fv2%2Fmedia&parent=249067"}],"wp:term":[{"taxonomy":"category","embeddable":true,"href":"https:\/\/elluchador.info\/index.php?rest_route=%2Fwp%2Fv2%2Fcategories&post=249067"},{"taxonomy":"post_tag","embeddable":true,"href":"https:\/\/elluchador.info\/index.php?rest_route=%2Fwp%2Fv2%2Ftags&post=249067"}],"curies":[{"name":"wp","href":"https:\/\/api.w.org\/{rel}","templated":true}]}}