{"id":249077,"date":"2024-09-18T14:35:19","date_gmt":"2024-09-18T18:35:19","guid":{"rendered":"https:\/\/elluchador.info\/?p=249077"},"modified":"2024-09-18T14:35:23","modified_gmt":"2024-09-18T18:35:23","slug":"edmundo-gonzalez-o-firmaba-o-me-atenia-a-las-consecuencias","status":"publish","type":"post","link":"https:\/\/elluchador.info\/?p=249077","title":{"rendered":"Edmundo Gonz\u00e1lez: \u00abO firmaba o me aten\u00eda a las consecuencias\u00bb"},"content":{"rendered":"\n<p>El excandidato presidencial, Edmundo Gonz\u00e1lez Urrutia, emiti\u00f3 este mi\u00e9rcoles una aclaratoria sobre la carta a la que hizo referencia el presidente de la Asamblea Nacional, Jorge Rodr\u00edguez, en la cual se asegura que s\u00ed reconoci\u00f3 la sentencia de la Sala Electoral del Tribunal Supremo de Justicia sobre los resultados del 28 de julio.<\/p>\n\n\n\n<p>Afirm\u00f3 que el documento fue producido bajo coacci\u00f3n y est\u00e1 viciado de \u201cnulidad absoluta\u201d.<\/p>\n\n\n\n<p>Gonz\u00e1lez precis\u00f3 que el presidente de la Asamblea Nacional, Jorge Rodr\u00edguez, y la vicepresidenta, Delcy Rodr\u00edguez, se presentaron en la Embajada de Espa\u00f1a con dicho documento para que se acordar\u00e1 su salida del pa\u00eds.<\/p>\n\n\n\n<p>\u201dO firmaba o me aten\u00eda a las consecuencias. En ese momento consider\u00e9 que ser\u00eda m\u00e1s \u00fatil libre que encerrado o imposibilitado de cumplir las tareas que me encomend\u00f3 el soberano\u00bb.<\/p>\n\n\n\n<p>Con informaci\u00f3n <strong><em><mark style=\"background-color:rgba(0, 0, 0, 0)\" class=\"has-inline-color has-luminous-vivid-amber-color\">Uni\u00f3n Radio<\/mark><\/em><\/strong><\/p>\n","protected":false},"excerpt":{"rendered":"<p>El excandidato presidencial, Edmundo Gonz\u00e1lez Urrutia, emiti\u00f3 este mi\u00e9rcoles una aclaratoria sobre la carta a la que hizo referencia el presidente de la Asamblea Nacional, Jorge Rodr\u00edguez, en la cual se asegura que s\u00ed reconoci\u00f3 la sentencia de la Sala Electoral del Tribunal Supremo de Justicia sobre los resultados del 28 de julio. Afirm\u00f3 que [&hellip;]<\/p>\n","protected":false},"author":33,"featured_media":249079,"comment_status":"closed","ping_status":"closed","sticky":false,"template":"","format":"standard","meta":{"footnotes":""},"categories":[5,11],"tags":[1956,1659,105],"class_list":{"0":"post-249077","1":"post","2":"type-post","3":"status-publish","4":"format-standard","5":"has-post-thumbnail","7":"category-destacado","8":"category-politica","9":"tag-asamblea","10":"tag-urrutia","11":"tag-venezuela"},"_links":{"self":[{"href":"https:\/\/elluchador.info\/index.php?rest_route=\/wp\/v2\/posts\/249077","targetHints":{"allow":["GET"]}}],"collection":[{"href":"https:\/\/elluchador.info\/index.php?rest_route=\/wp\/v2\/posts"}],"about":[{"href":"https:\/\/elluchador.info\/index.php?rest_route=\/wp\/v2\/types\/post"}],"author":[{"embeddable":true,"href":"https:\/\/elluchador.info\/index.php?rest_route=\/wp\/v2\/users\/33"}],"replies":[{"embeddable":true,"href":"https:\/\/elluchador.info\/index.php?rest_route=%2Fwp%2Fv2%2Fcomments&post=249077"}],"version-history":[{"count":1,"href":"https:\/\/elluchador.info\/index.php?rest_route=\/wp\/v2\/posts\/249077\/revisions"}],"predecessor-version":[{"id":249080,"href":"https:\/\/elluchador.info\/index.php?rest_route=\/wp\/v2\/posts\/249077\/revisions\/249080"}],"wp:featuredmedia":[{"embeddable":true,"href":"https:\/\/elluchador.info\/index.php?rest_route=\/wp\/v2\/media\/249079"}],"wp:attachment":[{"href":"https:\/\/elluchador.info\/index.php?rest_route=%2Fwp%2Fv2%2Fmedia&parent=249077"}],"wp:term":[{"taxonomy":"category","embeddable":true,"href":"https:\/\/elluchador.info\/index.php?rest_route=%2Fwp%2Fv2%2Fcategories&post=249077"},{"taxonomy":"post_tag","embeddable":true,"href":"https:\/\/elluchador.info\/index.php?rest_route=%2Fwp%2Fv2%2Ftags&post=249077"}],"curies":[{"name":"wp","href":"https:\/\/api.w.org\/{rel}","templated":true}]}}