{"id":249100,"date":"2024-09-18T17:45:17","date_gmt":"2024-09-18T21:45:17","guid":{"rendered":"https:\/\/elluchador.info\/?p=249100"},"modified":"2024-09-18T17:45:22","modified_gmt":"2024-09-18T21:45:22","slug":"en-tumeremo-fortalecen-soberania-popular","status":"publish","type":"post","link":"https:\/\/elluchador.info\/?p=249100","title":{"rendered":"En Tumeremo fortalecen soberan\u00eda popular"},"content":{"rendered":"\n<p>Desde la base de misiones Jos\u00e9 Atienza, en la comuna Ch\u00e1vez Vive, en la poblaci\u00f3n de Tumeremo, municipio Sifontes, se llev\u00f3 a cabo un importante encuentro orientado desde la presentaci\u00f3n de la Orden de Operaciones n\u00famero 10 enmarcada en el Gran Congreso Nacional de Bloque Hist\u00f3rico Bolivariano, Popular, Chavista y Socialista de Venezuela para el siglo XXI.<\/p>\n\n\n\n<p>La asamblea, que se llev\u00f3 a cabo bajo un ambiente de compromiso y esp\u00edritu social, fue liderada por la licenciada Vilma Guti\u00e9rrez, miembro promotor del Gran Congreso Nacional de Bloque Hist\u00f3rico Bolivariano, Popular, Chavista y Socialista de Venezuela para el siglo XXI.<\/p>\n\n\n\n<p>El encuentro reuni\u00f3 a comuneros y comuneras de los diez consejos comunales que convergen en la comuna Ch\u00e1vez Vive, quienes debatieron sobre la integraci\u00f3n de las sietes fuerzas de los movimientos sociales y las 5 generaciones: Generaci\u00f3n precursora, generaci\u00f3n fundadora, generaci\u00f3n de oro, generaci\u00f3n joven y generaci\u00f3n genial, con el prop\u00f3sito de fortalecer la participaci\u00f3n de la comunidad organizada.<\/p>\n\n\n\n<p>La ocasi\u00f3n fue propicia para convocar a los j\u00f3venes a elegir a sus voceros comunales, marcando as\u00ed un paso significativo hacia la consolidaci\u00f3n del movimiento comunal joven.<\/p>\n\n\n\n<p>Guti\u00e9rrez aplaudi\u00f3 y comparti\u00f3 el entusiasmo y el compromiso demostrado por los asistentes, afirmando que, \u201choy seguimos avanzando en la consolidaci\u00f3n de la soberan\u00eda popular, de la mano con nuestra juventud empoderada, con su participaci\u00f3n protag\u00f3nica desde sus comunidades\u201d.<\/p>\n\n\n\n<p>El encuentro finaliz\u00f3 con el compromiso por parte del pueblo chavista de Tumeremo a continuar trabajando juntos por el bienestar de su comunidad y el fortalecimiento del legado bolivariano.<\/p>\n\n\n\n<p><strong><em><mark style=\"background-color:rgba(0, 0, 0, 0)\" class=\"has-inline-color has-vivid-green-cyan-color\">Gledis Bonilla<\/mark><\/em><\/strong><\/p>\n","protected":false},"excerpt":{"rendered":"<p>Desde la base de misiones Jos\u00e9 Atienza, en la comuna Ch\u00e1vez Vive, en la poblaci\u00f3n de Tumeremo, municipio Sifontes, se llev\u00f3 a cabo un importante encuentro orientado desde la presentaci\u00f3n de la Orden de Operaciones n\u00famero 10 enmarcada en el Gran Congreso Nacional de Bloque Hist\u00f3rico Bolivariano, Popular, Chavista y Socialista de Venezuela para el [&hellip;]<\/p>\n","protected":false},"author":33,"featured_media":249101,"comment_status":"closed","ping_status":"closed","sticky":false,"template":"","format":"standard","meta":{"footnotes":""},"categories":[2],"tags":[185,306],"class_list":{"0":"post-249100","1":"post","2":"type-post","3":"status-publish","4":"format-standard","5":"has-post-thumbnail","7":"category-comunidad","8":"tag-bolivar","9":"tag-ciudad-bolivar"},"_links":{"self":[{"href":"https:\/\/elluchador.info\/index.php?rest_route=\/wp\/v2\/posts\/249100","targetHints":{"allow":["GET"]}}],"collection":[{"href":"https:\/\/elluchador.info\/index.php?rest_route=\/wp\/v2\/posts"}],"about":[{"href":"https:\/\/elluchador.info\/index.php?rest_route=\/wp\/v2\/types\/post"}],"author":[{"embeddable":true,"href":"https:\/\/elluchador.info\/index.php?rest_route=\/wp\/v2\/users\/33"}],"replies":[{"embeddable":true,"href":"https:\/\/elluchador.info\/index.php?rest_route=%2Fwp%2Fv2%2Fcomments&post=249100"}],"version-history":[{"count":1,"href":"https:\/\/elluchador.info\/index.php?rest_route=\/wp\/v2\/posts\/249100\/revisions"}],"predecessor-version":[{"id":249102,"href":"https:\/\/elluchador.info\/index.php?rest_route=\/wp\/v2\/posts\/249100\/revisions\/249102"}],"wp:featuredmedia":[{"embeddable":true,"href":"https:\/\/elluchador.info\/index.php?rest_route=\/wp\/v2\/media\/249101"}],"wp:attachment":[{"href":"https:\/\/elluchador.info\/index.php?rest_route=%2Fwp%2Fv2%2Fmedia&parent=249100"}],"wp:term":[{"taxonomy":"category","embeddable":true,"href":"https:\/\/elluchador.info\/index.php?rest_route=%2Fwp%2Fv2%2Fcategories&post=249100"},{"taxonomy":"post_tag","embeddable":true,"href":"https:\/\/elluchador.info\/index.php?rest_route=%2Fwp%2Fv2%2Ftags&post=249100"}],"curies":[{"name":"wp","href":"https:\/\/api.w.org\/{rel}","templated":true}]}}