{"id":249153,"date":"2024-09-19T09:10:00","date_gmt":"2024-09-19T13:10:00","guid":{"rendered":"https:\/\/elluchador.info\/?p=249153"},"modified":"2024-09-19T06:44:06","modified_gmt":"2024-09-19T10:44:06","slug":"conmemoraron-229-anos-del-natalicio-del-procer-tomas-de-heres-en-ciudad-bolivar","status":"publish","type":"post","link":"https:\/\/elluchador.info\/?p=249153","title":{"rendered":"Conmemoraron 229 a\u00f1os del natalicio del pr\u00f3cer Tom\u00e1s de Heres en Ciudad Bol\u00edvar"},"content":{"rendered":"\n<p>Este mi\u00e9rcoles 18, en el Archivo Hist\u00f3rico de Guayana, ubicado en el municipio Angostura del Orinoco, se realiz\u00f3 un conversatorio sobre la vida y obra del general Tom\u00e1s de Heres, al cumplirse 229 a\u00f1os del natalicio del pr\u00f3cer de la independencia latinoamericana.<\/p>\n\n\n\n<p>Como centinela de la memoria del pueblo bolivarense, el Archivo Hist\u00f3rico de Guayana, adscrito a la Direcci\u00f3n de Desarrollo y Fortalecimiento Cultural de la Secretar\u00eda Cultural de la Gobernaci\u00f3n del estado Bol\u00edvar, organiz\u00f3 la actividad que cont\u00f3 con la participaci\u00f3n como invitado especial del profesor Rafael Morales, cronista oficial del municipio Angostura del Orinoco.<\/p>\n\n\n\n<p>Iradi Rodr\u00edguez, coordinadora del Archivo Hist\u00f3rico de Guayana, destac\u00f3 que el prop\u00f3sito es generar el debate sobre hechos y figuras hist\u00f3ricas, analizar su vida, obra y tomar esos elementos que fortalecen la venezolanidad.<\/p>\n\n\n\n<p>Asegur\u00f3 que de all\u00ed parte la memoria hist\u00f3rica y la identidad, adem\u00e1s, de impulsar el Archivo Hist\u00f3rico de Guayana como centro de investigaci\u00f3n. \u201cPrecisamente aqu\u00ed reposan documentos importantes de la gesti\u00f3n administrativa del general Tom\u00e1s de Heres, como gobernador de la antigua Provincia de Guayana y el expediente judicial de su asesinato\u201d.<\/p>\n\n\n\n<h4 class=\"wp-block-heading\"><strong>Viaje al pasado<\/strong><\/h4>\n\n\n\n<p>El cronista oficial del municipio Angostura del Orinoco, Rafael Morales, fue el responsable de sumergir a los presentes en un viaje al pasado, con una magistral ponencia de la vida, obra y muerte del general guayan\u00e9s, Tom\u00e1s de Heres, donde destac\u00f3 el importante rol que cumpli\u00f3 en el proceso independentista del sur del continente, junto con Bol\u00edvar, San Mart\u00edn y Sucre, antes de llegar a Guayana, donde se interes\u00f3 y particip\u00f3 en la pol\u00edtica.<\/p>\n\n\n\n<p>\u201cTom\u00e1s de Heres fue asesinado a traici\u00f3n, el 09 de abril de 1842, en su casa, ubicada en la esquina de la calle Libertad con Amor Patrio\u201d.<\/p>\n\n\n\n<p><strong><em>Prensa Gobernaci\u00f3n de Bol\u00edvar<\/em><\/strong><\/p>\n","protected":false},"excerpt":{"rendered":"<p>Este mi\u00e9rcoles 18, en el Archivo Hist\u00f3rico de Guayana, ubicado en el municipio Angostura del Orinoco, se realiz\u00f3 un conversatorio sobre la vida y obra del general Tom\u00e1s de Heres, al cumplirse 229 a\u00f1os del natalicio del pr\u00f3cer de la independencia latinoamericana. Como centinela de la memoria del pueblo bolivarense, el Archivo Hist\u00f3rico de Guayana, [&hellip;]<\/p>\n","protected":false},"author":2,"featured_media":249154,"comment_status":"closed","ping_status":"closed","sticky":false,"template":"","format":"standard","meta":{"footnotes":""},"categories":[2,1160],"tags":[306],"class_list":{"0":"post-249153","1":"post","2":"type-post","3":"status-publish","4":"format-standard","5":"has-post-thumbnail","7":"category-comunidad","8":"category-cultura","9":"tag-ciudad-bolivar"},"_links":{"self":[{"href":"https:\/\/elluchador.info\/index.php?rest_route=\/wp\/v2\/posts\/249153","targetHints":{"allow":["GET"]}}],"collection":[{"href":"https:\/\/elluchador.info\/index.php?rest_route=\/wp\/v2\/posts"}],"about":[{"href":"https:\/\/elluchador.info\/index.php?rest_route=\/wp\/v2\/types\/post"}],"author":[{"embeddable":true,"href":"https:\/\/elluchador.info\/index.php?rest_route=\/wp\/v2\/users\/2"}],"replies":[{"embeddable":true,"href":"https:\/\/elluchador.info\/index.php?rest_route=%2Fwp%2Fv2%2Fcomments&post=249153"}],"version-history":[{"count":1,"href":"https:\/\/elluchador.info\/index.php?rest_route=\/wp\/v2\/posts\/249153\/revisions"}],"predecessor-version":[{"id":249155,"href":"https:\/\/elluchador.info\/index.php?rest_route=\/wp\/v2\/posts\/249153\/revisions\/249155"}],"wp:featuredmedia":[{"embeddable":true,"href":"https:\/\/elluchador.info\/index.php?rest_route=\/wp\/v2\/media\/249154"}],"wp:attachment":[{"href":"https:\/\/elluchador.info\/index.php?rest_route=%2Fwp%2Fv2%2Fmedia&parent=249153"}],"wp:term":[{"taxonomy":"category","embeddable":true,"href":"https:\/\/elluchador.info\/index.php?rest_route=%2Fwp%2Fv2%2Fcategories&post=249153"},{"taxonomy":"post_tag","embeddable":true,"href":"https:\/\/elluchador.info\/index.php?rest_route=%2Fwp%2Fv2%2Ftags&post=249153"}],"curies":[{"name":"wp","href":"https:\/\/api.w.org\/{rel}","templated":true}]}}