{"id":249156,"date":"2024-09-19T09:20:00","date_gmt":"2024-09-19T13:20:00","guid":{"rendered":"https:\/\/elluchador.info\/?p=249156"},"modified":"2024-09-19T06:46:08","modified_gmt":"2024-09-19T10:46:08","slug":"en-la-comunidad-de-4-de-febrero-siguen-esperando-la-sustitucion-de-techos","status":"publish","type":"post","link":"https:\/\/elluchador.info\/?p=249156","title":{"rendered":"En la comunidad de 4 de Febrero siguen esperando la sustituci\u00f3n de techos"},"content":{"rendered":"\n<p>En la comunidad de 4 de Febrero parte alta, parroquia Agua Salada, se llev\u00f3 a cabo un censo que aprob\u00f3 el primer proyecto comunal para ayudar a las familias m\u00e1s necesitadas con mejoras en sus viviendas. Sin embargo, el beneficio solo lleg\u00f3 a tres personas.<\/p>\n\n\n\n<p>La se\u00f1ora Carmen Vallenilla, residente del sector, es una de las afectadas que requiere la ayuda, al igual que otros vecinos cuyos techos est\u00e1n en p\u00e9simas condiciones, especialmente durante la temporada de lluvias. \u00abDe acuerdo con el proyecto, se acord\u00f3 que a cada uno se le ayudar\u00eda con l\u00e1minas de zinc debido a las condiciones de sus techos rotos, pero lamentablemente no fue as\u00ed\u00bb, expres\u00f3 Vallenilla.<\/p>\n\n\n\n<p>Agrega que los beneficios \u00abse los dieron a la jefa de comunidad, a la jefa de brigada y a la vocera de la comisi\u00f3n electoral\u00bb. Los afectados piden que se tome en cuenta a las personas que fueron incluidas inicialmente en el proyecto y que posteriormente fueron excluidas.<\/p>\n\n\n\n<p>Por su parte, la se\u00f1ora Mar\u00eda Puerta manifiesta que el beneficio deber\u00eda ser para las personas que arroj\u00f3 el censo como necesitadas de ayuda social y que actualmente no est\u00e1n recibiendo el apoyo prometido en la comunidad.<\/p>\n\n\n\n<p><strong><em>Yanitza Mart\u00ednez<\/em><\/strong><\/p>\n","protected":false},"excerpt":{"rendered":"<p>En la comunidad de 4 de Febrero parte alta, parroquia Agua Salada, se llev\u00f3 a cabo un censo que aprob\u00f3 el primer proyecto comunal para ayudar a las familias m\u00e1s necesitadas con mejoras en sus viviendas. Sin embargo, el beneficio solo lleg\u00f3 a tres personas. La se\u00f1ora Carmen Vallenilla, residente del sector, es una de [&hellip;]<\/p>\n","protected":false},"author":2,"featured_media":249157,"comment_status":"closed","ping_status":"closed","sticky":false,"template":"","format":"standard","meta":{"footnotes":""},"categories":[2],"tags":[],"class_list":{"0":"post-249156","1":"post","2":"type-post","3":"status-publish","4":"format-standard","5":"has-post-thumbnail","7":"category-comunidad"},"_links":{"self":[{"href":"https:\/\/elluchador.info\/index.php?rest_route=\/wp\/v2\/posts\/249156","targetHints":{"allow":["GET"]}}],"collection":[{"href":"https:\/\/elluchador.info\/index.php?rest_route=\/wp\/v2\/posts"}],"about":[{"href":"https:\/\/elluchador.info\/index.php?rest_route=\/wp\/v2\/types\/post"}],"author":[{"embeddable":true,"href":"https:\/\/elluchador.info\/index.php?rest_route=\/wp\/v2\/users\/2"}],"replies":[{"embeddable":true,"href":"https:\/\/elluchador.info\/index.php?rest_route=%2Fwp%2Fv2%2Fcomments&post=249156"}],"version-history":[{"count":1,"href":"https:\/\/elluchador.info\/index.php?rest_route=\/wp\/v2\/posts\/249156\/revisions"}],"predecessor-version":[{"id":249158,"href":"https:\/\/elluchador.info\/index.php?rest_route=\/wp\/v2\/posts\/249156\/revisions\/249158"}],"wp:featuredmedia":[{"embeddable":true,"href":"https:\/\/elluchador.info\/index.php?rest_route=\/wp\/v2\/media\/249157"}],"wp:attachment":[{"href":"https:\/\/elluchador.info\/index.php?rest_route=%2Fwp%2Fv2%2Fmedia&parent=249156"}],"wp:term":[{"taxonomy":"category","embeddable":true,"href":"https:\/\/elluchador.info\/index.php?rest_route=%2Fwp%2Fv2%2Fcategories&post=249156"},{"taxonomy":"post_tag","embeddable":true,"href":"https:\/\/elluchador.info\/index.php?rest_route=%2Fwp%2Fv2%2Ftags&post=249156"}],"curies":[{"name":"wp","href":"https:\/\/api.w.org\/{rel}","templated":true}]}}