{"id":249165,"date":"2024-09-19T09:50:00","date_gmt":"2024-09-19T13:50:00","guid":{"rendered":"https:\/\/elluchador.info\/?p=249165"},"modified":"2024-09-19T12:49:17","modified_gmt":"2024-09-19T16:49:17","slug":"peru-declarara-en-emergencia-tres-regiones-afectadas-por-los-incendios-en-la-amazonia","status":"publish","type":"post","link":"https:\/\/elluchador.info\/?p=249165","title":{"rendered":"Per\u00fa declarar\u00e1 en emergencia tres regiones afectadas por los incendios en la Amazon\u00eda"},"content":{"rendered":"\n<p>Este mi\u00e9rcoles, la presidenta de Per\u00fa, Dina Boluarte, anunci\u00f3 que declarar\u00e1 en emergencia las regiones de Amazonas, San Mart\u00edn y Ucayali para facilitar las labores de mitigaci\u00f3n de los incendios forestales desatados en esos departamentos selv\u00e1ticos del pa\u00eds.<\/p>\n\n\n\n<p>En una ceremonia oficial, Boluarte dijo que el Consejo de Ministros est\u00e1 acordando hoy declarar el estado de emergencia en las tres regiones, en una de las cuales, Amazonas, es \u201cdif\u00edcil\u201d que ingresen las aeronaves para apagar el fuego desde el aire por las complicadas condiciones atmosf\u00e9ricas.<\/p>\n\n\n\n<p>\u201cCuenten con nosotros, no est\u00e1n solos, (pero) no provoquemos m\u00e1s incendios\u201d, expres\u00f3 la mandataria.<\/p>\n\n\n\n<p>Persisten las emergencias por incendios en el Per\u00fa<br>Boluarte se\u00f1al\u00f3 que m\u00e1s del 80 % de los incendios forestales en el pa\u00eds ya han sido controlados y extinguidos, pero que hay algunas regiones donde persisten estas emergencias, a pesar de los esfuerzos de los rescatistas y las fuerzas armadas que apoyan en su extinci\u00f3n.<\/p>\n\n\n\n<p>En ese sentido, la gobernante asegur\u00f3 a la poblaci\u00f3n que van a atender los incendios, as\u00ed como tambi\u00e9n el problema de la escasez de agua en Iquitos, capital de la amaz\u00f3nica Loreto.<\/p>\n\n\n\n<p>Boluarte dijo que ya han enviado 20 toneladas de ayuda humanitaria a Iquitos para afrontar esa escasez de agua por la falta de lluvias en la regi\u00f3n amaz\u00f3nica m\u00e1s extensa del pa\u00eds.<\/p>\n\n\n\n<p><strong><em>Con informaci\u00f3n de EU.<\/em><\/strong><\/p>\n","protected":false},"excerpt":{"rendered":"<p>Este mi\u00e9rcoles, la presidenta de Per\u00fa, Dina Boluarte, anunci\u00f3 que declarar\u00e1 en emergencia las regiones de Amazonas, San Mart\u00edn y Ucayali para facilitar las labores de mitigaci\u00f3n de los incendios forestales desatados en esos departamentos selv\u00e1ticos del pa\u00eds. En una ceremonia oficial, Boluarte dijo que el Consejo de Ministros est\u00e1 acordando hoy declarar el estado [&hellip;]<\/p>\n","protected":false},"author":2,"featured_media":249166,"comment_status":"closed","ping_status":"closed","sticky":false,"template":"","format":"standard","meta":{"footnotes":""},"categories":[5,8],"tags":[],"class_list":{"0":"post-249165","1":"post","2":"type-post","3":"status-publish","4":"format-standard","5":"has-post-thumbnail","7":"category-destacado","8":"category-internacionales"},"_links":{"self":[{"href":"https:\/\/elluchador.info\/index.php?rest_route=\/wp\/v2\/posts\/249165","targetHints":{"allow":["GET"]}}],"collection":[{"href":"https:\/\/elluchador.info\/index.php?rest_route=\/wp\/v2\/posts"}],"about":[{"href":"https:\/\/elluchador.info\/index.php?rest_route=\/wp\/v2\/types\/post"}],"author":[{"embeddable":true,"href":"https:\/\/elluchador.info\/index.php?rest_route=\/wp\/v2\/users\/2"}],"replies":[{"embeddable":true,"href":"https:\/\/elluchador.info\/index.php?rest_route=%2Fwp%2Fv2%2Fcomments&post=249165"}],"version-history":[{"count":1,"href":"https:\/\/elluchador.info\/index.php?rest_route=\/wp\/v2\/posts\/249165\/revisions"}],"predecessor-version":[{"id":249167,"href":"https:\/\/elluchador.info\/index.php?rest_route=\/wp\/v2\/posts\/249165\/revisions\/249167"}],"wp:featuredmedia":[{"embeddable":true,"href":"https:\/\/elluchador.info\/index.php?rest_route=\/wp\/v2\/media\/249166"}],"wp:attachment":[{"href":"https:\/\/elluchador.info\/index.php?rest_route=%2Fwp%2Fv2%2Fmedia&parent=249165"}],"wp:term":[{"taxonomy":"category","embeddable":true,"href":"https:\/\/elluchador.info\/index.php?rest_route=%2Fwp%2Fv2%2Fcategories&post=249165"},{"taxonomy":"post_tag","embeddable":true,"href":"https:\/\/elluchador.info\/index.php?rest_route=%2Fwp%2Fv2%2Ftags&post=249165"}],"curies":[{"name":"wp","href":"https:\/\/api.w.org\/{rel}","templated":true}]}}