{"id":249171,"date":"2024-09-19T10:00:00","date_gmt":"2024-09-19T14:00:00","guid":{"rendered":"https:\/\/elluchador.info\/?p=249171"},"modified":"2024-09-19T07:25:41","modified_gmt":"2024-09-19T11:25:41","slug":"argentina-repudia-solicitud-en-venezuela-de-orden-de-aprehension-contra-milei","status":"publish","type":"post","link":"https:\/\/elluchador.info\/?p=249171","title":{"rendered":"Argentina repudia solicitud en Venezuela de orden de aprehensi\u00f3n contra Milei"},"content":{"rendered":"\n<p>El Gobierno de Argentina repudi\u00f3 este mi\u00e9rcoles la decisi\u00f3n de la Fiscal\u00eda de Venezuela de tramitar la solicitud de una orden de captura contra el presidente, Javier Milei, por el caso del avi\u00f3n venezolano-iran\u00ed retenido en Buenos Aires desde 2022 y enviado a Estados Unidos en febrero pasado.<\/p>\n\n\n\n<p>\u00abLa Rep\u00fablica Argentina repudia las \u00f3rdenes de aprehensi\u00f3n dictadas por el Fiscal General de la Rep\u00fablica Bolivariana de Venezuela contra el presidente de la Naci\u00f3n, Javier Milei, la secretaria general de la Presidencia, Karina Milei, y la ministro de Seguridad, Patricia Bullrich, a ra\u00edz del incidente del avi\u00f3n de la empresa Emtrasur\u00bb, dijo la Canciller\u00eda argentina en un comunicado.<\/p>\n\n\n\n<p>Seg\u00fan el Gobierno de Milei, \u00abel mencionado caso fue resuelto por el Poder Judicial, poder independiente sobre el cual el Ejecutivo no puede ni debe tener injerencia alguna, en aplicaci\u00f3n de un acuerdo internacional\u00bb.<\/p>\n\n\n\n<p><em><strong>Con informaci\u00f3n de MundoUR<\/strong><\/em><a href=\"https:\/\/mundour.com\/category\/actualidad\/pais-3\/\"><\/a><\/p>\n","protected":false},"excerpt":{"rendered":"<p>El Gobierno de Argentina repudi\u00f3 este mi\u00e9rcoles la decisi\u00f3n de la Fiscal\u00eda de Venezuela de tramitar la solicitud de una orden de captura contra el presidente, Javier Milei, por el caso del avi\u00f3n venezolano-iran\u00ed retenido en Buenos Aires desde 2022 y enviado a Estados Unidos en febrero pasado. \u00abLa Rep\u00fablica Argentina repudia las \u00f3rdenes de [&hellip;]<\/p>\n","protected":false},"author":2,"featured_media":249172,"comment_status":"closed","ping_status":"closed","sticky":false,"template":"","format":"standard","meta":{"footnotes":""},"categories":[8],"tags":[],"class_list":{"0":"post-249171","1":"post","2":"type-post","3":"status-publish","4":"format-standard","5":"has-post-thumbnail","7":"category-internacionales"},"_links":{"self":[{"href":"https:\/\/elluchador.info\/index.php?rest_route=\/wp\/v2\/posts\/249171","targetHints":{"allow":["GET"]}}],"collection":[{"href":"https:\/\/elluchador.info\/index.php?rest_route=\/wp\/v2\/posts"}],"about":[{"href":"https:\/\/elluchador.info\/index.php?rest_route=\/wp\/v2\/types\/post"}],"author":[{"embeddable":true,"href":"https:\/\/elluchador.info\/index.php?rest_route=\/wp\/v2\/users\/2"}],"replies":[{"embeddable":true,"href":"https:\/\/elluchador.info\/index.php?rest_route=%2Fwp%2Fv2%2Fcomments&post=249171"}],"version-history":[{"count":1,"href":"https:\/\/elluchador.info\/index.php?rest_route=\/wp\/v2\/posts\/249171\/revisions"}],"predecessor-version":[{"id":249173,"href":"https:\/\/elluchador.info\/index.php?rest_route=\/wp\/v2\/posts\/249171\/revisions\/249173"}],"wp:featuredmedia":[{"embeddable":true,"href":"https:\/\/elluchador.info\/index.php?rest_route=\/wp\/v2\/media\/249172"}],"wp:attachment":[{"href":"https:\/\/elluchador.info\/index.php?rest_route=%2Fwp%2Fv2%2Fmedia&parent=249171"}],"wp:term":[{"taxonomy":"category","embeddable":true,"href":"https:\/\/elluchador.info\/index.php?rest_route=%2Fwp%2Fv2%2Fcategories&post=249171"},{"taxonomy":"post_tag","embeddable":true,"href":"https:\/\/elluchador.info\/index.php?rest_route=%2Fwp%2Fv2%2Ftags&post=249171"}],"curies":[{"name":"wp","href":"https:\/\/api.w.org\/{rel}","templated":true}]}}