{"id":249174,"date":"2024-09-19T10:10:00","date_gmt":"2024-09-19T14:10:00","guid":{"rendered":"https:\/\/elluchador.info\/?p=249174"},"modified":"2024-09-19T07:28:16","modified_gmt":"2024-09-19T11:28:16","slug":"ecuador-inicia-apagones-de-seis-horas-producto-de-la-sequia-en-medio-de-una-crisis-de-seguridad","status":"publish","type":"post","link":"https:\/\/elluchador.info\/?p=249174","title":{"rendered":"Ecuador inicia apagones de seis horas producto de la sequ\u00eda, en medio de una crisis de seguridad"},"content":{"rendered":"\n<p>Las faldas del volc\u00e1n Pichincha, en el occidente de Quito y donde se asientan barrios residenciales, fueron quedando a oscuras a partir de las 22:00 locales (03:00 GMT del jueves) como estaba previsto. Tambi\u00e9n se fue la luz en el centro hist\u00f3rico y el ruido de generadores de energ\u00eda en el norte de la capital irrumpi\u00f3.<\/p>\n\n\n\n<p>En el puerto pesquero de Manta (suroeste) y en la andina Cuenca (sur) tambi\u00e9n se report\u00f3 la suspensi\u00f3n del servicio en diferentes puntos.<\/p>\n\n\n\n<p>El gobierno anunci\u00f3 el domingo\u00a0<strong>un apag\u00f3n preventivo de ocho horas a nivel nacional<\/strong>, pero este mi\u00e9rcoles el ministro de\u00a0Energ\u00eda, Antonio Goncalves, precis\u00f3 que\u00a0<strong>la suspensi\u00f3n del servicio ser\u00e1 por menos horas\u00a0<\/strong>y por sectores en el pa\u00eds, cuya demanda de electricidad depende en un 70% de la generaci\u00f3n h\u00eddrica.<\/p>\n\n\n\n<p>El corte m\u00e1s largo en Quito durar\u00e1 cinco horas, mientras que en la localidad amaz\u00f3nica de Loreto (noreste) habr\u00e1 apagones de seis horas, seg\u00fan la programaci\u00f3n de empresas distribuidoras.<\/p>\n\n\n\n<p>Informe desde Ecuador: racionamiento de electricidad ser\u00e1 de seis horas<\/p>\n\n\n\n<p>\u00c1reas estrat\u00e9gicas como\u00a0hospitales\u00a0y el servicio de seguridad ECU911 est\u00e1n excluidos del racionamiento. Previo al corte de luz, polic\u00edas y militares patrullaban las calles de la capital y realizaban inspecciones a los transe\u00fantes.<\/p>\n\n\n\n<p>Tras el apag\u00f3n de este mi\u00e9rcoles,\u00a0Ecuador\u00a0-con 17 millones de habitantes- sufrir\u00e1 nuevos cortes en el mismo horario nocturno durante el per\u00edodo del lunes 23 y jueves 26 de septiembre, de acuerdo a lo previsto desde el martes.<\/p>\n\n\n\n<p>Para ahorrar energ\u00eda, el sector p\u00fablico har\u00e1 teletrabajo el jueves y viernes de esta semana y la siguiente.<\/p>\n\n\n\n<p>Goncalves dijo que \u00absi llueve bastante consistente, no puede haber apagones\u00bb y que t\u00e9cnicos est\u00e1n bombardeando nubes para producir aguaceros.<\/p>\n\n\n\n<h2 class=\"wp-block-heading\"><strong>Temores<\/strong><\/h2>\n\n\n\n<p>Mauricio Males, propietario de una tienda de accesorios para celulares en el centro de Quito, teme ser v\u00edctima de ladrones durante los apagones. \u00abCon el apag\u00f3n, hay que tener m\u00e1s cuidado. Nosotros nos vamos a quedar a dormir en el local\u00bb, cont\u00f3 a la AFP el hombre, de 29 a\u00f1os.<\/p>\n\n\n\n<figure class=\"wp-block-image\"><img decoding=\"async\" src=\"https:\/\/s.france24.com\/media\/display\/01d357ae-7640-11ef-9969-005056a90284\/0e88fe9b45f4946c79ea9de807569acabbb74524.jpg\" alt=\"Polic\u00edas ecuatorianos revisan los documentos de un motociclista en una calle antes de un apag\u00f3n nacional programado en Quito, el 18 de septiembre de 2024\"\/><figcaption class=\"wp-element-caption\">Polic\u00edas ecuatorianos revisan los documentos de un motociclista en una calle antes de un apag\u00f3n nacional programado en Quito, el 18 de septiembre de 2024&nbsp;\u00a9 Galo Paguay \/ AFP<\/figcaption><\/figure>\n\n\n\n<p>Hasta las 06:00 locales de este jueves (11:00 GMT), cuando el mantenimiento debe terminar, regir\u00e1 un toque de queda en seis de las 24 provincias y en la localidad minera de Camilo Ponce Enr\u00edquez (sur), que est\u00e1n bajo estado de excepci\u00f3n a causa de la\u00a0violencia\u00a0del narco.<\/p>\n\n\n\n<p><strong>Al menos 46.000 polic\u00edas y 31.000 militares patrullar\u00e1n el territorio nacional<\/strong>, donde tambi\u00e9n operan bandas dedicadas al\u00a0secuestro\u00a0y\u00a0extorsi\u00f3n\u00a0y a las que el Ejecutivo declar\u00f3 la guerra en enero, desplegando soldados con el argumento de que la naci\u00f3n atraviesa un conflicto armado interno.<\/p>\n\n\n\n<p>El martes, militares asumieron la tarea de brindar seguridad a la importante represa de Mazar, en el sur andino y que abastece de agua a un complejo de tres hidroel\u00e9ctricas, cuyo nivel ronda los 2.121 metros sobre el nivel del mar (once metros por encima del m\u00ednimo).<\/p>\n\n\n\n<p><strong>Ecuador actualmente registra un d\u00e9ficit de 1.000 megavatios<\/strong>, de los cuales al menos 100 son cubiertos con una barcaza t\u00e9rmica que empez\u00f3 a operar plenamente el martes.<\/p>\n\n\n\n<h2 class=\"wp-block-heading\"><strong>Incendios y racionamientos de agua<\/strong><\/h2>\n\n\n\n<p>En la zona sur del pa\u00eds se han registrado 68 d\u00edas continuos sin lluvias. El verano intenso en todo el territorio tambi\u00e9n ha causado incendios forestales, que dejan unas 35.000 hect\u00e1reas de vegetaci\u00f3n quemadas, once personas heridas y unos 45.000 animales de granja muertos.<\/p>\n\n\n\n<figure class=\"wp-block-image\"><img decoding=\"async\" src=\"https:\/\/s.france24.com\/media\/display\/085d913e-7555-11ef-a457-005056bf30b7\/aaa69c4b52f7dff0bf3486c6dc965c35b24cb314.jpg\" alt=\"Un soldado monta guardia en la central hidroel\u00e9ctrica de Mazar en Las Palmas, Ecuador, el 17 de septiembre de 2024\"\/><figcaption class=\"wp-element-caption\">Un soldado monta guardia en la central hidroel\u00e9ctrica de Mazar en Las Palmas, Ecuador, el 17 de septiembre de 2024&nbsp;\u00a9 Fernando Machado \/ AFP<\/figcaption><\/figure>\n\n\n\n<p>Los apagones afectan adem\u00e1s la distribuci\u00f3n de\u00a0agua\u00a0potable. En Quito, donde no ha llovido durante 38 d\u00edas, la empresa del ramo estableci\u00f3 un cronograma de racionamientos del l\u00edquido.<\/p>\n\n\n\n<p>\u00abMi mam\u00e1 adquiri\u00f3 bastante agua (en botellones) por el temor de que este servicio escasee\u00bb, dijo a AFP Diana Rodr\u00edguez, quien vive en el norte de la capital, donde ya se han presentado problemas de abastecimiento por la sequ\u00eda.<\/p>\n\n\n\n<p>Su familia compr\u00f3 focos recargables en previendo que se prolonguen los racionamientos de electricidad.<\/p>\n\n\n\n<p>La C\u00e1mara de\u00a0Comercio\u00a0del puerto de Guayaquil (suroeste y n\u00facleo comercial) estima que\u00a0<strong>el pa\u00eds pierde unos 12 millones de\u00a0d\u00f3lares\u00a0por cada hora de apag\u00f3n<\/strong>.<\/p>\n\n\n\n<p>Debido al estiaje o la acumulaci\u00f3n de sedimentos en los diques por torrenciales lluvias que no han sido permanentes, as\u00ed como por un \u00aberror humano\u00bb, Ecuador sufri\u00f3 otros racionamientos este a\u00f1o. En abril hubo cortes de hasta 13 horas al d\u00eda.<\/p>\n\n\n\n<p><strong><em>Con informaci\u00f3n de France 24<\/em><\/strong><\/p>\n","protected":false},"excerpt":{"rendered":"<p>Las faldas del volc\u00e1n Pichincha, en el occidente de Quito y donde se asientan barrios residenciales, fueron quedando a oscuras a partir de las 22:00 locales (03:00 GMT del jueves) como estaba previsto. Tambi\u00e9n se fue la luz en el centro hist\u00f3rico y el ruido de generadores de energ\u00eda en el norte de la capital [&hellip;]<\/p>\n","protected":false},"author":2,"featured_media":249175,"comment_status":"closed","ping_status":"closed","sticky":false,"template":"","format":"standard","meta":{"footnotes":""},"categories":[8],"tags":[],"class_list":{"0":"post-249174","1":"post","2":"type-post","3":"status-publish","4":"format-standard","5":"has-post-thumbnail","7":"category-internacionales"},"_links":{"self":[{"href":"https:\/\/elluchador.info\/index.php?rest_route=\/wp\/v2\/posts\/249174","targetHints":{"allow":["GET"]}}],"collection":[{"href":"https:\/\/elluchador.info\/index.php?rest_route=\/wp\/v2\/posts"}],"about":[{"href":"https:\/\/elluchador.info\/index.php?rest_route=\/wp\/v2\/types\/post"}],"author":[{"embeddable":true,"href":"https:\/\/elluchador.info\/index.php?rest_route=\/wp\/v2\/users\/2"}],"replies":[{"embeddable":true,"href":"https:\/\/elluchador.info\/index.php?rest_route=%2Fwp%2Fv2%2Fcomments&post=249174"}],"version-history":[{"count":1,"href":"https:\/\/elluchador.info\/index.php?rest_route=\/wp\/v2\/posts\/249174\/revisions"}],"predecessor-version":[{"id":249177,"href":"https:\/\/elluchador.info\/index.php?rest_route=\/wp\/v2\/posts\/249174\/revisions\/249177"}],"wp:featuredmedia":[{"embeddable":true,"href":"https:\/\/elluchador.info\/index.php?rest_route=\/wp\/v2\/media\/249175"}],"wp:attachment":[{"href":"https:\/\/elluchador.info\/index.php?rest_route=%2Fwp%2Fv2%2Fmedia&parent=249174"}],"wp:term":[{"taxonomy":"category","embeddable":true,"href":"https:\/\/elluchador.info\/index.php?rest_route=%2Fwp%2Fv2%2Fcategories&post=249174"},{"taxonomy":"post_tag","embeddable":true,"href":"https:\/\/elluchador.info\/index.php?rest_route=%2Fwp%2Fv2%2Ftags&post=249174"}],"curies":[{"name":"wp","href":"https:\/\/api.w.org\/{rel}","templated":true}]}}