{"id":249181,"date":"2024-09-19T10:20:00","date_gmt":"2024-09-19T14:20:00","guid":{"rendered":"https:\/\/elluchador.info\/?p=249181"},"modified":"2024-09-19T09:27:34","modified_gmt":"2024-09-19T13:27:34","slug":"eurocamara-reconoce-a-edmundo-gonzalez-como-presidente-de-venezuela","status":"publish","type":"post","link":"https:\/\/elluchador.info\/?p=249181","title":{"rendered":"Euroc\u00e1mara reconoce a Edmundo Gonz\u00e1lez como \u00abpresidente\u00bb de Venezuela"},"content":{"rendered":"\n<p>Mensaje de la Euroc\u00e1mara al mundo.&nbsp;El Parlamento Europeo ha votado este jueves mayoritariamente&nbsp;a favor de reconocer al opositor Edmundo Gonz\u00e1lez como&nbsp;<strong>presidente leg\u00edtimo y democr\u00e1ticamente elegido de Venezuela<\/strong>, con 309 votos a favor, 201 en contra y 12 abstenciones. La resoluci\u00f3n no es vinculante en la pr\u00e1ctica, pero s\u00ed es un claro mensaje pol\u00edtico y una manera de empujar al reconocimiento tambi\u00e9n por parte de los Estados miembros.<\/p>\n\n\n\n<p>El texto ha salido adelante mayoritariamente&nbsp;<strong>con los votos del Partido Popular Europeo, junto a los grupos de derecha radical<\/strong>: ECR, la familia liderada por Giorgia Meloni, y los Patriotas por Europa, donde est\u00e1 Vox y tambi\u00e9n el partido del primer ministro h\u00fangaro, Viktor Orb\u00e1n. Es la primera vez que se da esa f\u00f3rmula en la legislatura, con unos n\u00fameros que podr\u00edan repetirse en otras medidas.<\/p>\n\n\n\n<p>S\u00ed, hizo bien dej\u00e1ndolos entrar para hablar con Edmundo Gonz\u00e1lez.No, se permiti\u00f3 as\u00ed la coacci\u00f3n a Gonz\u00e1lez.No lo tengo claro<\/p>\n\n\n\n<p>La resoluci\u00f3n, en general, reconoce a Edmundo Gonz\u00e1lez como \u00abpresidente leg\u00edtimo y democr\u00e1ticamente elegido de Venezuela\u00bb y a<strong>\u00a0Mar\u00eda Corina Machado \u00abcomo l\u00edder de las fuerzas democr\u00e1ticas en Venezuela\u00bb.<\/strong>\u00a0En ese escenario, creen los eurodiputados que la UE tiene que hacer \u00abtodo lo posible\u00bb para que Gonz\u00e1lez pueda tomar posesi\u00f3n como presidente el pr\u00f3ximo 10 de enero, cuando empieza un nuevo mandato. <\/p>\n\n\n\n<p>De hecho, otro de los puntos del texto pasa por pedir tambi\u00e9n&nbsp;<strong>una orden de detenci\u00f3n internacional contra Nicol\u00e1s Maduro<\/strong>&nbsp;por cr\u00edmenes contra la humanidad. Asimismo, reconoce el Parlamento Europeo que la relajaci\u00f3n de sanciones contra el r\u00e9gimen de los \u00faltimos meses no han servido para cambiar la situaci\u00f3n.<\/p>\n\n\n\n<p>Los eurodiputados reflejan tambi\u00e9n&nbsp;<strong>su \u00abcondena en\u00e9rgica\u00bb del \u00abfraude electoral orquestado por el CNE\u00bb&nbsp;<\/strong>para dar como vencedor a Maduro y denuncian que no haya hecho p\u00fablicas las actas que acrediten el resultado electoral pese a la presi\u00f3n internacional. Es m\u00e1s, el propio Alto Representante de la UE, Josep Borrell, dio por buena la publicaci\u00f3n de las actas por parte de la oposici\u00f3n.<\/p>\n\n\n\n<p>En general, la resoluci\u00f3n est\u00e1 llena de reclamos a la UE para que, por ejemplo, apoye las investigaciones que se llevan a cabo actualmente en virtud del Estatuto de Roma sobre los presuntos cr\u00edmenes contra la humanidad para exigir responsabilidades a los autores. Al mismo tiempo alerta de un nuevo \u00e9xodo migratorio hacia los dem\u00e1s pa\u00edses de la regi\u00f3n, que&nbsp;<strong>se sumar\u00eda a los 8 millones de venezolanos que ya han huido del pa\u00eds<\/strong>&nbsp;y condena&nbsp;\u00aben los t\u00e9rminos m\u00e1s en\u00e9rgicos los asesinatos, acosos, violaciones y detenciones, contra la oposici\u00f3n democr\u00e1tica al r\u00e9gimen y el pueblo venezolano\u00bb<\/p>\n\n\n\n<p>En este sentido, la Euroc\u00e1mara exige la liberaci\u00f3n inmediata e incondicional de&nbsp;<strong>todas las personas detenidas pol\u00edtica y arbitrariamente, en particular los menores de edad<\/strong>&nbsp;y muestra su repulsa ante&nbsp;\u00abla extrema violencia y represi\u00f3n, con el resultado de m\u00e1s de 20 muertos y m\u00e1s de 2400 detenciones y desapariciones forzadas, de las cuales aproximadamente 120 eran ni\u00f1os\u00bb.<\/p>\n\n\n\n<p>Tras la votaci\u00f3n, fuentes del PP en el Parlamento Europeo han mostrado duras cr\u00edticas con el PSOE por sus posicionamientos. <\/p>\n\n\n\n<p>\u00abEl Gobierno y los socialistas en el Parlamento Europeo<strong>&nbsp;han de explicar si negarse a reconocer a Edmundo Gonz\u00e1lez como presidente electo<\/strong>&nbsp;de Venezuela est\u00e1 relacionado con las coacciones a Gonz\u00e1lez de dos dirigentes chavistas en la residencia del embajador de Espa\u00f1a en Venezuela\u00bb, concluyen desde las filas populares.<\/p>\n\n\n\n<p><strong><em>Con informaci\u00f3n de 20 minutos.<\/em><\/strong><\/p>\n","protected":false},"excerpt":{"rendered":"<p>Mensaje de la Euroc\u00e1mara al mundo.&nbsp;El Parlamento Europeo ha votado este jueves mayoritariamente&nbsp;a favor de reconocer al opositor Edmundo Gonz\u00e1lez como&nbsp;presidente leg\u00edtimo y democr\u00e1ticamente elegido de Venezuela, con 309 votos a favor, 201 en contra y 12 abstenciones. La resoluci\u00f3n no es vinculante en la pr\u00e1ctica, pero s\u00ed es un claro mensaje pol\u00edtico y una [&hellip;]<\/p>\n","protected":false},"author":2,"featured_media":249182,"comment_status":"closed","ping_status":"closed","sticky":false,"template":"","format":"standard","meta":{"footnotes":""},"categories":[8,11],"tags":[],"class_list":{"0":"post-249181","1":"post","2":"type-post","3":"status-publish","4":"format-standard","5":"has-post-thumbnail","7":"category-internacionales","8":"category-politica"},"_links":{"self":[{"href":"https:\/\/elluchador.info\/index.php?rest_route=\/wp\/v2\/posts\/249181","targetHints":{"allow":["GET"]}}],"collection":[{"href":"https:\/\/elluchador.info\/index.php?rest_route=\/wp\/v2\/posts"}],"about":[{"href":"https:\/\/elluchador.info\/index.php?rest_route=\/wp\/v2\/types\/post"}],"author":[{"embeddable":true,"href":"https:\/\/elluchador.info\/index.php?rest_route=\/wp\/v2\/users\/2"}],"replies":[{"embeddable":true,"href":"https:\/\/elluchador.info\/index.php?rest_route=%2Fwp%2Fv2%2Fcomments&post=249181"}],"version-history":[{"count":2,"href":"https:\/\/elluchador.info\/index.php?rest_route=\/wp\/v2\/posts\/249181\/revisions"}],"predecessor-version":[{"id":249184,"href":"https:\/\/elluchador.info\/index.php?rest_route=\/wp\/v2\/posts\/249181\/revisions\/249184"}],"wp:featuredmedia":[{"embeddable":true,"href":"https:\/\/elluchador.info\/index.php?rest_route=\/wp\/v2\/media\/249182"}],"wp:attachment":[{"href":"https:\/\/elluchador.info\/index.php?rest_route=%2Fwp%2Fv2%2Fmedia&parent=249181"}],"wp:term":[{"taxonomy":"category","embeddable":true,"href":"https:\/\/elluchador.info\/index.php?rest_route=%2Fwp%2Fv2%2Fcategories&post=249181"},{"taxonomy":"post_tag","embeddable":true,"href":"https:\/\/elluchador.info\/index.php?rest_route=%2Fwp%2Fv2%2Ftags&post=249181"}],"curies":[{"name":"wp","href":"https:\/\/api.w.org\/{rel}","templated":true}]}}