{"id":249200,"date":"2024-09-19T11:45:23","date_gmt":"2024-09-19T15:45:23","guid":{"rendered":"https:\/\/elluchador.info\/?p=249200"},"modified":"2024-09-19T11:45:28","modified_gmt":"2024-09-19T15:45:28","slug":"venezuela-dijo-presente-en-la-feria-internacional-articrea-2024-en-tunez","status":"publish","type":"post","link":"https:\/\/elluchador.info\/?p=249200","title":{"rendered":"Venezuela dijo presente en la Feria Internacional \u201cArticrea 2024\u201d en T\u00fanez"},"content":{"rendered":"\n<p><a href=\"javascript:void(0);\"><\/a>El embajador de Venezuela en T\u00fanez, Reinaldo Bol\u00edvar, asisti\u00f3 a la Feria Internacional de artesan\u00eda en T\u00fanez que acogi\u00f3 del 9 al 15 de septiembre la primera edici\u00f3n de \u201cArticrea\u201d. Este evento, dedicado a los profesionales de la artesan\u00eda y las profesiones art\u00edsticas innovadoras, reuni\u00f3 a m\u00e1s de 300 participantes y expositores, adem\u00e1s de inversores internacionales.<\/p>\n\n\n\n<p>De esta manera, el director general de la Oficina Nacional de Artesan\u00eda, Faouzi Ben Halima, destac\u00f3 que \u201cArticrea\u201d subraya la necesidad de adaptar las capacidades de producci\u00f3n a las nuevas exigencias del mercado global, sin perder la autenticidad y excelencia de las t\u00e9cnicas aut\u00f3ctonas tunecinas. Las creaciones art\u00edsticas presentadas no solo son productos exportables, sino tambi\u00e9n testimonios del patrimonio cultural tunecino. La etiqueta \u201cHecho en T\u00fanez\u201d permite descubrir la calidad excepcional de los art\u00edculos tunecinos, as\u00ed como la historia y tradiciones que los sustentan.<\/p>\n\n\n\n<p>Ben Halima a\u00f1adi\u00f3 que el sector artesanal est\u00e1 viviendo una verdadera modernizaci\u00f3n, con creaciones m\u00e1s innovadoras y contempor\u00e1neas impulsadas por j\u00f3venes promotores tunecinos. Sin embargo, tambi\u00e9n mencion\u00f3 los desaf\u00edos estructurales que enfrentan, especialmente en t\u00e9rminos de capacidad de producci\u00f3n, y subray\u00f3 la necesidad de apoyo t\u00e9cnico de actores clave en el escenario mundial.<\/p>\n\n\n\n<p>El principal objetivo de la feria fue permitir a los artesanos locales acceder a nuevos mercados y fortalecer su competitividad internacional en tres sectores artesanales prometedores: la madera de olivo, el tejido de fibras 100% naturales y la alfarer\u00eda de Sejnane (bereber).<\/p>\n\n\n\n<p>La participaci\u00f3n del embajador Bol\u00edvar en \u201cArticrea\u201d refuerza los lazos culturales y comerciales entre Venezuela y T\u00fanez, para promover el intercambio de conocimientos y t\u00e9cnicas artesanales entre ambos pa\u00edses.<\/p>\n\n\n\n<p><em><strong>Con informaci\u00f3n de VTV.<\/strong><\/em><\/p>\n","protected":false},"excerpt":{"rendered":"<p>El embajador de Venezuela en T\u00fanez, Reinaldo Bol\u00edvar, asisti\u00f3 a la Feria Internacional de artesan\u00eda en T\u00fanez que acogi\u00f3 del 9 al 15 de septiembre la primera edici\u00f3n de \u201cArticrea\u201d. Este evento, dedicado a los profesionales de la artesan\u00eda y las profesiones art\u00edsticas innovadoras, reuni\u00f3 a m\u00e1s de 300 participantes y expositores, adem\u00e1s de inversores [&hellip;]<\/p>\n","protected":false},"author":2,"featured_media":249201,"comment_status":"closed","ping_status":"closed","sticky":false,"template":"","format":"standard","meta":{"footnotes":""},"categories":[1160],"tags":[],"class_list":{"0":"post-249200","1":"post","2":"type-post","3":"status-publish","4":"format-standard","5":"has-post-thumbnail","7":"category-cultura"},"_links":{"self":[{"href":"https:\/\/elluchador.info\/index.php?rest_route=\/wp\/v2\/posts\/249200","targetHints":{"allow":["GET"]}}],"collection":[{"href":"https:\/\/elluchador.info\/index.php?rest_route=\/wp\/v2\/posts"}],"about":[{"href":"https:\/\/elluchador.info\/index.php?rest_route=\/wp\/v2\/types\/post"}],"author":[{"embeddable":true,"href":"https:\/\/elluchador.info\/index.php?rest_route=\/wp\/v2\/users\/2"}],"replies":[{"embeddable":true,"href":"https:\/\/elluchador.info\/index.php?rest_route=%2Fwp%2Fv2%2Fcomments&post=249200"}],"version-history":[{"count":1,"href":"https:\/\/elluchador.info\/index.php?rest_route=\/wp\/v2\/posts\/249200\/revisions"}],"predecessor-version":[{"id":249202,"href":"https:\/\/elluchador.info\/index.php?rest_route=\/wp\/v2\/posts\/249200\/revisions\/249202"}],"wp:featuredmedia":[{"embeddable":true,"href":"https:\/\/elluchador.info\/index.php?rest_route=\/wp\/v2\/media\/249201"}],"wp:attachment":[{"href":"https:\/\/elluchador.info\/index.php?rest_route=%2Fwp%2Fv2%2Fmedia&parent=249200"}],"wp:term":[{"taxonomy":"category","embeddable":true,"href":"https:\/\/elluchador.info\/index.php?rest_route=%2Fwp%2Fv2%2Fcategories&post=249200"},{"taxonomy":"post_tag","embeddable":true,"href":"https:\/\/elluchador.info\/index.php?rest_route=%2Fwp%2Fv2%2Ftags&post=249200"}],"curies":[{"name":"wp","href":"https:\/\/api.w.org\/{rel}","templated":true}]}}