{"id":249230,"date":"2024-09-19T14:44:56","date_gmt":"2024-09-19T18:44:56","guid":{"rendered":"https:\/\/elluchador.info\/?p=249230"},"modified":"2024-09-19T14:45:01","modified_gmt":"2024-09-19T18:45:01","slug":"cuba-invita-a-empresarios-venezolanos-a-participar-en-feria-internacional-de-la-habana-2024","status":"publish","type":"post","link":"https:\/\/elluchador.info\/?p=249230","title":{"rendered":"Cuba invita a empresarios venezolanos a participar en Feria Internacional de La Habana 2024"},"content":{"rendered":"\n<p>La<strong>&nbsp;Embajada de Cuba en Venezuela, invit\u00f3 a empresarios venezolanos a participar<\/strong>&nbsp;en la Feria Internacional de La Habana 2024, prevista entre el&nbsp;<strong>4 y 9 de noviembre.<\/strong><\/p>\n\n\n\n<p>A trav\u00e9s de una entrevista para&nbsp;<em>Uni\u00f3n Radio<\/em>,&nbsp;<strong>Rub\u00e9n Ramos,&nbsp;<\/strong>ministro consejero y jefe de la oficina econ\u00f3mica de la Embajada, ofreci\u00f3 algunos detalles.<\/p>\n\n\n\n<p>En tal sentido, asegur\u00f3 que Venezuela tendr\u00e1 una importante\u00a0<strong>participaci\u00f3n\u00a0<\/strong>en la actividad e invit\u00f3 a nuevos empresarios a sumarse a la feria.<\/p>\n\n\n\n<p><em>\u201cEstamos haciendo un importante esfuerzo por lograr que en este 40 aniversario, que es una fecha cerrada, la presencia venezolana supere los 50 o 55 empresas que van y los m\u00e1s de<strong>&nbsp;100 empresarios que asisten al evento<\/strong>\u201c,<\/em>&nbsp;dijo.<\/p>\n\n\n\n<p>Igualmente, Ramos anunci\u00f3 que durante la feria se realizar\u00e1 un foro de negocios para promover<strong>&nbsp;la actividad de la inversi\u00f3n extranjera<\/strong>.<\/p>\n\n\n\n<p>Tambi\u00e9n, se conoci\u00f3 que el<strong>&nbsp;sector turismo y agr\u00edcola<\/strong>&nbsp;son prioridad para el Gobierno de Cuba; sin embargo, no descartan ninguna propuesta de proyectos relacionados con otras \u00e1reas.<\/p>\n\n\n\n<p>Finalmente, vale mencionar que esta ser\u00e1&nbsp;<strong>la 40\u00b0 edici\u00f3n de la Feria Internacional de La Habana&nbsp;<\/strong>y tiene el objeto de captar nuevas inversiones para la isla.<\/p>\n\n\n\n<p><strong><em>Con informaci\u00f3n de Venezuela news.<\/em><\/strong><\/p>\n","protected":false},"excerpt":{"rendered":"<p>La&nbsp;Embajada de Cuba en Venezuela, invit\u00f3 a empresarios venezolanos a participar&nbsp;en la Feria Internacional de La Habana 2024, prevista entre el&nbsp;4 y 9 de noviembre. A trav\u00e9s de una entrevista para&nbsp;Uni\u00f3n Radio,&nbsp;Rub\u00e9n Ramos,&nbsp;ministro consejero y jefe de la oficina econ\u00f3mica de la Embajada, ofreci\u00f3 algunos detalles. En tal sentido, asegur\u00f3 que Venezuela tendr\u00e1 una importante\u00a0participaci\u00f3n\u00a0en [&hellip;]<\/p>\n","protected":false},"author":2,"featured_media":249231,"comment_status":"closed","ping_status":"closed","sticky":false,"template":"","format":"standard","meta":{"footnotes":""},"categories":[5,6,8],"tags":[],"class_list":{"0":"post-249230","1":"post","2":"type-post","3":"status-publish","4":"format-standard","5":"has-post-thumbnail","7":"category-destacado","8":"category-economia","9":"category-internacionales"},"_links":{"self":[{"href":"https:\/\/elluchador.info\/index.php?rest_route=\/wp\/v2\/posts\/249230","targetHints":{"allow":["GET"]}}],"collection":[{"href":"https:\/\/elluchador.info\/index.php?rest_route=\/wp\/v2\/posts"}],"about":[{"href":"https:\/\/elluchador.info\/index.php?rest_route=\/wp\/v2\/types\/post"}],"author":[{"embeddable":true,"href":"https:\/\/elluchador.info\/index.php?rest_route=\/wp\/v2\/users\/2"}],"replies":[{"embeddable":true,"href":"https:\/\/elluchador.info\/index.php?rest_route=%2Fwp%2Fv2%2Fcomments&post=249230"}],"version-history":[{"count":1,"href":"https:\/\/elluchador.info\/index.php?rest_route=\/wp\/v2\/posts\/249230\/revisions"}],"predecessor-version":[{"id":249232,"href":"https:\/\/elluchador.info\/index.php?rest_route=\/wp\/v2\/posts\/249230\/revisions\/249232"}],"wp:featuredmedia":[{"embeddable":true,"href":"https:\/\/elluchador.info\/index.php?rest_route=\/wp\/v2\/media\/249231"}],"wp:attachment":[{"href":"https:\/\/elluchador.info\/index.php?rest_route=%2Fwp%2Fv2%2Fmedia&parent=249230"}],"wp:term":[{"taxonomy":"category","embeddable":true,"href":"https:\/\/elluchador.info\/index.php?rest_route=%2Fwp%2Fv2%2Fcategories&post=249230"},{"taxonomy":"post_tag","embeddable":true,"href":"https:\/\/elluchador.info\/index.php?rest_route=%2Fwp%2Fv2%2Ftags&post=249230"}],"curies":[{"name":"wp","href":"https:\/\/api.w.org\/{rel}","templated":true}]}}