{"id":249248,"date":"2024-09-19T15:42:54","date_gmt":"2024-09-19T19:42:54","guid":{"rendered":"https:\/\/elluchador.info\/?p=249248"},"modified":"2024-09-19T15:42:59","modified_gmt":"2024-09-19T19:42:59","slug":"pueblo-revolucionario-marchara-el-28-de-septiembre-en-apoyo-al-presidente-maduro","status":"publish","type":"post","link":"https:\/\/elluchador.info\/?p=249248","title":{"rendered":"Pueblo revolucionario marchar\u00e1 el 28 de septiembre en apoyo al presidente Maduro"},"content":{"rendered":"\n<p>El pr\u00f3ximo s\u00e1bado 28 de septiembre el pueblo revolucionario marchar\u00e1, en Caracas, para celebrar los dos meses de la reelecci\u00f3n del presidente de la Rep\u00fablica Bolivariana de Venezuela,&nbsp;<strong>Nicol\u00e1s Maduro<\/strong>, inform\u00f3 el vicepresidente Sectorial de Pol\u00edtica, Seguridad Ciudadana y Paz,&nbsp;<strong>Diosdado Cabello<\/strong>.<\/p>\n\n\n\n<p>\u201cEse d\u00eda vamos a marchar, vamos para la calle. Algo que nos gusta a nosotros [los revolucionarios] es la calle, calle, calle\u201d, dijo Cabello durante la transmisi\u00f3n del programa&nbsp;<strong><em>Con el Mazo Dando<\/em><\/strong>&nbsp;que transmite Venezolana de Televisi\u00f3n (VTV).<\/p>\n\n\n\n<p>Por otra parte, rechaz\u00f3 que la agente de extrema derecha,&nbsp;<strong>Mar\u00eda Corina Machado<\/strong>, se\u00f1ale que en Venezuela existan supuestos cr\u00edmenes de lesa humanidad. \u201cQue hip\u00f3crita esta se\u00f1ora, cuando ella llev\u00f3 [durante las protestas opositoras] a unos j\u00f3venes [a la calle] para que murieran\u201d, record\u00f3.<\/p>\n\n\n\n<p>Finalmente, Diosdado Cabello adelant\u00f3 que pr\u00f3ximamente el ministerio del Poder Popular para Relaciones Interiores, Justicia y Paz dar\u00e1 a conocer una investigaci\u00f3n&nbsp;<strong>\u201cque est\u00e1 linda y bella\u201d<\/strong>, la cual est\u00e1 relacionada con sectores de extrema derecha.<\/p>\n\n\n\n<p><strong>Con informaci\u00f3n de VTV <\/strong><a href=\"https:\/\/www.vtv.gob.ve\/pueblo-revolucionario-marchara-28-septiembre\/\"><\/a><\/p>\n","protected":false},"excerpt":{"rendered":"<p>El pr\u00f3ximo s\u00e1bado 28 de septiembre el pueblo revolucionario marchar\u00e1, en Caracas, para celebrar los dos meses de la reelecci\u00f3n del presidente de la Rep\u00fablica Bolivariana de Venezuela,&nbsp;Nicol\u00e1s Maduro, inform\u00f3 el vicepresidente Sectorial de Pol\u00edtica, Seguridad Ciudadana y Paz,&nbsp;Diosdado Cabello. \u201cEse d\u00eda vamos a marchar, vamos para la calle. Algo que nos gusta a nosotros [&hellip;]<\/p>\n","protected":false},"author":2,"featured_media":249250,"comment_status":"closed","ping_status":"closed","sticky":false,"template":"","format":"standard","meta":{"footnotes":""},"categories":[11],"tags":[],"class_list":{"0":"post-249248","1":"post","2":"type-post","3":"status-publish","4":"format-standard","5":"has-post-thumbnail","7":"category-politica"},"_links":{"self":[{"href":"https:\/\/elluchador.info\/index.php?rest_route=\/wp\/v2\/posts\/249248","targetHints":{"allow":["GET"]}}],"collection":[{"href":"https:\/\/elluchador.info\/index.php?rest_route=\/wp\/v2\/posts"}],"about":[{"href":"https:\/\/elluchador.info\/index.php?rest_route=\/wp\/v2\/types\/post"}],"author":[{"embeddable":true,"href":"https:\/\/elluchador.info\/index.php?rest_route=\/wp\/v2\/users\/2"}],"replies":[{"embeddable":true,"href":"https:\/\/elluchador.info\/index.php?rest_route=%2Fwp%2Fv2%2Fcomments&post=249248"}],"version-history":[{"count":1,"href":"https:\/\/elluchador.info\/index.php?rest_route=\/wp\/v2\/posts\/249248\/revisions"}],"predecessor-version":[{"id":249251,"href":"https:\/\/elluchador.info\/index.php?rest_route=\/wp\/v2\/posts\/249248\/revisions\/249251"}],"wp:featuredmedia":[{"embeddable":true,"href":"https:\/\/elluchador.info\/index.php?rest_route=\/wp\/v2\/media\/249250"}],"wp:attachment":[{"href":"https:\/\/elluchador.info\/index.php?rest_route=%2Fwp%2Fv2%2Fmedia&parent=249248"}],"wp:term":[{"taxonomy":"category","embeddable":true,"href":"https:\/\/elluchador.info\/index.php?rest_route=%2Fwp%2Fv2%2Fcategories&post=249248"},{"taxonomy":"post_tag","embeddable":true,"href":"https:\/\/elluchador.info\/index.php?rest_route=%2Fwp%2Fv2%2Ftags&post=249248"}],"curies":[{"name":"wp","href":"https:\/\/api.w.org\/{rel}","templated":true}]}}