{"id":249502,"date":"2024-09-21T08:36:46","date_gmt":"2024-09-21T12:36:46","guid":{"rendered":"https:\/\/elluchador.info\/?p=249502"},"modified":"2024-09-21T08:36:50","modified_gmt":"2024-09-21T12:36:50","slug":"bukele-y-elon-musk-comparten-halagos-tras-reunion-en-ee-uu","status":"publish","type":"post","link":"https:\/\/elluchador.info\/?p=249502","title":{"rendered":"Bukele y Elon Musk comparten halagos tras reuni\u00f3n en EE.UU."},"content":{"rendered":"\n<p>El presidente de El Salvador, Nayib Bukele, sostuvo este viernes una reuni\u00f3n en Estados unidos con el magnate de la tecnolog\u00eda Elon Musk para hablar sobre inteligencia artificial (IA) y otros temas, y tras la cual hubo halagos mutuos.<\/p>\n\n\n\n<p>\u00abFue un placer pasar varias horas hablando con una de las grandes mentes de nuestro tiempo Elon Musk\u00bb, escribi\u00f3 Bukele en su cuenta de X, la red social propiedad de Musk.<\/p>\n\n\n\n<figure class=\"wp-block-embed is-type-rich is-provider-twitter wp-block-embed-twitter\"><div class=\"wp-block-embed__wrapper\">\n<blockquote class=\"twitter-tweet\" data-width=\"550\" data-dnt=\"true\"><p lang=\"en\" dir=\"ltr\">It was a pleasure to spend several hours talking with one of the great minds of our time <a href=\"https:\/\/twitter.com\/elonmusk?ref_src=twsrc%5Etfw\">@elonmusk<\/a> <a href=\"https:\/\/t.co\/sLYUk7u4J5\">pic.twitter.com\/sLYUk7u4J5<\/a><\/p>&mdash; Nayib Bukele (@nayibbukele) <a href=\"https:\/\/twitter.com\/nayibbukele\/status\/1837305436329922571?ref_src=twsrc%5Etfw\">September 21, 2024<\/a><\/blockquote><script async src=\"https:\/\/platform.twitter.com\/widgets.js\" charset=\"utf-8\"><\/script>\n<\/div><\/figure>\n\n\n\n<p>El mandatario salvadore\u00f1o public\u00f3 un v\u00eddeo en el que es recibido por Musk en las instalaciones de su planta Gigafactory en Austin, Texas, donde se fabrican las bater\u00edas de los autom\u00f3viles el\u00e9ctricos Tesla, seg\u00fan la Casa Presidencial salvadore\u00f1a. Musk, tambi\u00e9n cofundador de Space X, tambi\u00e9n halag\u00f3 a Bukele en su red social.<\/p>\n\n\n\n<figure class=\"wp-block-embed is-type-rich is-provider-twitter wp-block-embed-twitter\"><div class=\"wp-block-embed__wrapper\">\n<blockquote class=\"twitter-tweet\" data-width=\"550\" data-dnt=\"true\"><p lang=\"en\" dir=\"ltr\">Just had an excellent conversation with President <a href=\"https:\/\/twitter.com\/nayibbukele?ref_src=twsrc%5Etfw\">@NayibBukele<\/a>! <br><br>We talked a lot about the nature of reality, future of humanity and how technology like AI and robotics will affect the world.<br><br>El Salvador has an amazing leader. <a href=\"https:\/\/t.co\/vvCfu1tYoB\">https:\/\/t.co\/vvCfu1tYoB<\/a><\/p>&mdash; Elon Musk (@elonmusk) <a href=\"https:\/\/twitter.com\/elonmusk\/status\/1837312664197886123?ref_src=twsrc%5Etfw\">September 21, 2024<\/a><\/blockquote><script async src=\"https:\/\/platform.twitter.com\/widgets.js\" charset=\"utf-8\"><\/script>\n<\/div><\/figure>\n\n\n\n<p>\u00abAcabo de tener una excelente conversaci\u00f3n con el presidente Nayib Bukele. Hablamos mucho sobre la naturaleza de la realidad, el futuro de la humanidad y c\u00f3mo la tecnolog\u00eda como la IA y la rob\u00f3tica afectar\u00e1n al mundo. El Salvador tiene un l\u00edder incre\u00edble\u00bb, escribi\u00f3.<\/p>\n\n\n\n<p>Bukele, que no precis\u00f3 cu\u00e1ndo viaj\u00f3 a Estados Unidos, participar\u00e1 la pr\u00f3xima semana en la Asamblea General de la ONU en Nueva York.<\/p>\n\n\n\n<p>Con informaci\u00f3n <strong><em><mark style=\"background-color:rgba(0, 0, 0, 0)\" class=\"has-inline-color has-vivid-cyan-blue-color\">AFP<\/mark><\/em><\/strong><\/p>\n","protected":false},"excerpt":{"rendered":"<p>El presidente de El Salvador, Nayib Bukele, sostuvo este viernes una reuni\u00f3n en Estados unidos con el magnate de la tecnolog\u00eda Elon Musk para hablar sobre inteligencia artificial (IA) y otros temas, y tras la cual hubo halagos mutuos. \u00abFue un placer pasar varias horas hablando con una de las grandes mentes de nuestro tiempo [&hellip;]<\/p>\n","protected":false},"author":33,"featured_media":249503,"comment_status":"closed","ping_status":"closed","sticky":false,"template":"","format":"standard","meta":{"footnotes":""},"categories":[8],"tags":[1799,1144,1844,2078],"class_list":{"0":"post-249502","1":"post","2":"type-post","3":"status-publish","4":"format-standard","5":"has-post-thumbnail","7":"category-internacionales","8":"tag-bukele","9":"tag-el-salvador","10":"tag-elon-musk","11":"tag-reunion"},"_links":{"self":[{"href":"https:\/\/elluchador.info\/index.php?rest_route=\/wp\/v2\/posts\/249502","targetHints":{"allow":["GET"]}}],"collection":[{"href":"https:\/\/elluchador.info\/index.php?rest_route=\/wp\/v2\/posts"}],"about":[{"href":"https:\/\/elluchador.info\/index.php?rest_route=\/wp\/v2\/types\/post"}],"author":[{"embeddable":true,"href":"https:\/\/elluchador.info\/index.php?rest_route=\/wp\/v2\/users\/33"}],"replies":[{"embeddable":true,"href":"https:\/\/elluchador.info\/index.php?rest_route=%2Fwp%2Fv2%2Fcomments&post=249502"}],"version-history":[{"count":1,"href":"https:\/\/elluchador.info\/index.php?rest_route=\/wp\/v2\/posts\/249502\/revisions"}],"predecessor-version":[{"id":249504,"href":"https:\/\/elluchador.info\/index.php?rest_route=\/wp\/v2\/posts\/249502\/revisions\/249504"}],"wp:featuredmedia":[{"embeddable":true,"href":"https:\/\/elluchador.info\/index.php?rest_route=\/wp\/v2\/media\/249503"}],"wp:attachment":[{"href":"https:\/\/elluchador.info\/index.php?rest_route=%2Fwp%2Fv2%2Fmedia&parent=249502"}],"wp:term":[{"taxonomy":"category","embeddable":true,"href":"https:\/\/elluchador.info\/index.php?rest_route=%2Fwp%2Fv2%2Fcategories&post=249502"},{"taxonomy":"post_tag","embeddable":true,"href":"https:\/\/elluchador.info\/index.php?rest_route=%2Fwp%2Fv2%2Ftags&post=249502"}],"curies":[{"name":"wp","href":"https:\/\/api.w.org\/{rel}","templated":true}]}}