{"id":249515,"date":"2024-09-21T10:18:48","date_gmt":"2024-09-21T14:18:48","guid":{"rendered":"https:\/\/elluchador.info\/?p=249515"},"modified":"2024-09-21T10:18:52","modified_gmt":"2024-09-21T14:18:52","slug":"maduro-aprueba-centro-nacional-de-artesania-y-compras-publicas-a-artesanos","status":"publish","type":"post","link":"https:\/\/elluchador.info\/?p=249515","title":{"rendered":"Maduro aprueba Centro Nacional de Artesan\u00eda y compras p\u00fablicas a artesanos"},"content":{"rendered":"\n<p>El presidente Nicol\u00e1s Maduro, firm\u00f3 este viernes el decreto para autorizar la log\u00edstica legal que permita la instalaci\u00f3n del Centro Nacional de Artesan\u00eda, as\u00ed como la orden de canalizar compras p\u00fablicas a los artesanos de la Rep\u00fablica Bolivariana registrados en la Gran Misi\u00f3n Viva Venezuela, Mi Patria Querida.<\/p>\n\n\n\n<p>\u201cPara instalar el Centro Nacional de Artesan\u00eda y sea el ente articulador y de apoyo al Movimiento Nacional de artesanos y artesanas, del movimiento Coraz\u00f3n Artesano. \u00a1Firmado, c\u00famplase! Ernesto (Villegas), lo dejo en tus manos\u201d, expres\u00f3 el jefe de Estado desde la Casona Cultural Aquiles Nazoa, de Caracas, donde presidi\u00f3 el encuentro con los equipos promotores estadales de la Gran Misi\u00f3n Viva Venezuela.<\/p>\n\n\n\n<figure class=\"wp-block-gallery has-nested-images columns-default is-cropped wp-block-gallery-1 is-layout-flex wp-block-gallery-is-layout-flex\">\n<figure class=\"wp-block-image size-large\"><img loading=\"lazy\" decoding=\"async\" width=\"891\" height=\"1024\" data-id=\"249517\" src=\"https:\/\/elluchador.info\/wp-content\/uploads\/2024\/09\/Screenshot_20240921-101451-891x1024.jpg\" alt=\"\" class=\"wp-image-249517\" srcset=\"https:\/\/elluchador.info\/wp-content\/uploads\/2024\/09\/Screenshot_20240921-101451-891x1024.jpg 891w, https:\/\/elluchador.info\/wp-content\/uploads\/2024\/09\/Screenshot_20240921-101451-261x300.jpg 261w, https:\/\/elluchador.info\/wp-content\/uploads\/2024\/09\/Screenshot_20240921-101451-768x882.jpg 768w, https:\/\/elluchador.info\/wp-content\/uploads\/2024\/09\/Screenshot_20240921-101451-150x172.jpg 150w, https:\/\/elluchador.info\/wp-content\/uploads\/2024\/09\/Screenshot_20240921-101451-300x345.jpg 300w, https:\/\/elluchador.info\/wp-content\/uploads\/2024\/09\/Screenshot_20240921-101451-696x800.jpg 696w, https:\/\/elluchador.info\/wp-content\/uploads\/2024\/09\/Screenshot_20240921-101451-1068x1227.jpg 1068w, https:\/\/elluchador.info\/wp-content\/uploads\/2024\/09\/Screenshot_20240921-101451.jpg 1080w\" sizes=\"auto, (max-width: 891px) 100vw, 891px\" \/><\/figure>\n\n\n\n<figure class=\"wp-block-image size-large\"><img loading=\"lazy\" decoding=\"async\" width=\"915\" height=\"1024\" data-id=\"249518\" src=\"https:\/\/elluchador.info\/wp-content\/uploads\/2024\/09\/Screenshot_20240921-101437-915x1024.jpg\" alt=\"\" class=\"wp-image-249518\" srcset=\"https:\/\/elluchador.info\/wp-content\/uploads\/2024\/09\/Screenshot_20240921-101437-915x1024.jpg 915w, https:\/\/elluchador.info\/wp-content\/uploads\/2024\/09\/Screenshot_20240921-101437-268x300.jpg 268w, https:\/\/elluchador.info\/wp-content\/uploads\/2024\/09\/Screenshot_20240921-101437-768x860.jpg 768w, https:\/\/elluchador.info\/wp-content\/uploads\/2024\/09\/Screenshot_20240921-101437-150x168.jpg 150w, https:\/\/elluchador.info\/wp-content\/uploads\/2024\/09\/Screenshot_20240921-101437-300x336.jpg 300w, https:\/\/elluchador.info\/wp-content\/uploads\/2024\/09\/Screenshot_20240921-101437-696x779.jpg 696w, https:\/\/elluchador.info\/wp-content\/uploads\/2024\/09\/Screenshot_20240921-101437-1068x1196.jpg 1068w, https:\/\/elluchador.info\/wp-content\/uploads\/2024\/09\/Screenshot_20240921-101437.jpg 1080w\" sizes=\"auto, (max-width: 915px) 100vw, 915px\" \/><\/figure>\n<\/figure>\n\n\n\n<p>Acto seguido, instruy\u00f3 al vicepresidente Sectorial del Socialismo Territorial, H\u00e9ctor Rodr\u00edguez, a canalizar la compra priorizada en ministerios, institutos y entes del Estado venezolano de productos de artesan\u00eda nacional, ahora que la Navidad de 2024 arranca este primero de octubre.<\/p>\n\n\n\n<p>\u201c\u00a1Estamos en septiembre y el primero de octubre arranca la Navidad en Venezuela! Este a\u00f1o tenemos mucho que celebrar y en octubre arrancamos la Navidad. Compa\u00f1ero H\u00e9ctor Rodr\u00edguez, que se cumpla la orden de compra priorizada en ministerios, institutos y entes del Estado para juguetes y productos de artesan\u00eda venezolana para el intercambio en la Navidad venezolana.<\/p>\n\n\n\n<figure class=\"wp-block-gallery has-nested-images columns-default is-cropped wp-block-gallery-2 is-layout-flex wp-block-gallery-is-layout-flex\">\n<figure class=\"wp-block-image size-large\"><img loading=\"lazy\" decoding=\"async\" width=\"826\" height=\"1024\" data-id=\"249519\" src=\"https:\/\/elluchador.info\/wp-content\/uploads\/2024\/09\/Screenshot_20240921-101529-826x1024.jpg\" alt=\"\" class=\"wp-image-249519\" srcset=\"https:\/\/elluchador.info\/wp-content\/uploads\/2024\/09\/Screenshot_20240921-101529-826x1024.jpg 826w, https:\/\/elluchador.info\/wp-content\/uploads\/2024\/09\/Screenshot_20240921-101529-242x300.jpg 242w, https:\/\/elluchador.info\/wp-content\/uploads\/2024\/09\/Screenshot_20240921-101529-768x952.jpg 768w, https:\/\/elluchador.info\/wp-content\/uploads\/2024\/09\/Screenshot_20240921-101529-150x186.jpg 150w, https:\/\/elluchador.info\/wp-content\/uploads\/2024\/09\/Screenshot_20240921-101529-300x372.jpg 300w, https:\/\/elluchador.info\/wp-content\/uploads\/2024\/09\/Screenshot_20240921-101529-696x863.jpg 696w, https:\/\/elluchador.info\/wp-content\/uploads\/2024\/09\/Screenshot_20240921-101529-1068x1324.jpg 1068w, https:\/\/elluchador.info\/wp-content\/uploads\/2024\/09\/Screenshot_20240921-101529.jpg 1080w\" sizes=\"auto, (max-width: 826px) 100vw, 826px\" \/><\/figure>\n\n\n\n<figure class=\"wp-block-image size-large\"><img loading=\"lazy\" decoding=\"async\" width=\"830\" height=\"1024\" data-id=\"249520\" src=\"https:\/\/elluchador.info\/wp-content\/uploads\/2024\/09\/Screenshot_20240921-101511-830x1024.jpg\" alt=\"\" class=\"wp-image-249520\" srcset=\"https:\/\/elluchador.info\/wp-content\/uploads\/2024\/09\/Screenshot_20240921-101511-830x1024.jpg 830w, https:\/\/elluchador.info\/wp-content\/uploads\/2024\/09\/Screenshot_20240921-101511-243x300.jpg 243w, https:\/\/elluchador.info\/wp-content\/uploads\/2024\/09\/Screenshot_20240921-101511-768x948.jpg 768w, https:\/\/elluchador.info\/wp-content\/uploads\/2024\/09\/Screenshot_20240921-101511-150x185.jpg 150w, https:\/\/elluchador.info\/wp-content\/uploads\/2024\/09\/Screenshot_20240921-101511-300x370.jpg 300w, https:\/\/elluchador.info\/wp-content\/uploads\/2024\/09\/Screenshot_20240921-101511-324x400.jpg 324w, https:\/\/elluchador.info\/wp-content\/uploads\/2024\/09\/Screenshot_20240921-101511-696x859.jpg 696w, https:\/\/elluchador.info\/wp-content\/uploads\/2024\/09\/Screenshot_20240921-101511-1068x1318.jpg 1068w, https:\/\/elluchador.info\/wp-content\/uploads\/2024\/09\/Screenshot_20240921-101511.jpg 1080w\" sizes=\"auto, (max-width: 830px) 100vw, 830px\" \/><\/figure>\n<\/figure>\n\n\n\n<p>Instruy\u00f3 adem\u00e1s al ministro de comercio nacional, Luis Villegas, a organizarse y canalizar la entrega de obsequios navide\u00f1os, tal como se estila en la temporada, de productos nacionales a embajadas, a personalidades y mandatarios. \u201cCu\u00e1ntas cosas hacen en artesan\u00eda para regalar, tambi\u00e9n en amigo secreto\u201d, agreg\u00f3 el Mandatario Nacional.<\/p>\n\n\n\n<p>Con informaci\u00f3n <strong><em><mark style=\"background-color:rgba(0, 0, 0, 0)\" class=\"has-inline-color has-vivid-green-cyan-color\">VTV<\/mark><\/em><\/strong><\/p>\n","protected":false},"excerpt":{"rendered":"<p>El presidente Nicol\u00e1s Maduro, firm\u00f3 este viernes el decreto para autorizar la log\u00edstica legal que permita la instalaci\u00f3n del Centro Nacional de Artesan\u00eda, as\u00ed como la orden de canalizar compras p\u00fablicas a los artesanos de la Rep\u00fablica Bolivariana registrados en la Gran Misi\u00f3n Viva Venezuela, Mi Patria Querida. \u201cPara instalar el Centro Nacional de Artesan\u00eda [&hellip;]<\/p>\n","protected":false},"author":33,"featured_media":249516,"comment_status":"closed","ping_status":"closed","sticky":false,"template":"","format":"standard","meta":{"footnotes":""},"categories":[9],"tags":[2082,105],"class_list":{"0":"post-249515","1":"post","2":"type-post","3":"status-publish","4":"format-standard","5":"has-post-thumbnail","7":"category-nacionales","8":"tag-artesanias","9":"tag-venezuela"},"_links":{"self":[{"href":"https:\/\/elluchador.info\/index.php?rest_route=\/wp\/v2\/posts\/249515","targetHints":{"allow":["GET"]}}],"collection":[{"href":"https:\/\/elluchador.info\/index.php?rest_route=\/wp\/v2\/posts"}],"about":[{"href":"https:\/\/elluchador.info\/index.php?rest_route=\/wp\/v2\/types\/post"}],"author":[{"embeddable":true,"href":"https:\/\/elluchador.info\/index.php?rest_route=\/wp\/v2\/users\/33"}],"replies":[{"embeddable":true,"href":"https:\/\/elluchador.info\/index.php?rest_route=%2Fwp%2Fv2%2Fcomments&post=249515"}],"version-history":[{"count":1,"href":"https:\/\/elluchador.info\/index.php?rest_route=\/wp\/v2\/posts\/249515\/revisions"}],"predecessor-version":[{"id":249521,"href":"https:\/\/elluchador.info\/index.php?rest_route=\/wp\/v2\/posts\/249515\/revisions\/249521"}],"wp:featuredmedia":[{"embeddable":true,"href":"https:\/\/elluchador.info\/index.php?rest_route=\/wp\/v2\/media\/249516"}],"wp:attachment":[{"href":"https:\/\/elluchador.info\/index.php?rest_route=%2Fwp%2Fv2%2Fmedia&parent=249515"}],"wp:term":[{"taxonomy":"category","embeddable":true,"href":"https:\/\/elluchador.info\/index.php?rest_route=%2Fwp%2Fv2%2Fcategories&post=249515"},{"taxonomy":"post_tag","embeddable":true,"href":"https:\/\/elluchador.info\/index.php?rest_route=%2Fwp%2Fv2%2Ftags&post=249515"}],"curies":[{"name":"wp","href":"https:\/\/api.w.org\/{rel}","templated":true}]}}