{"id":249552,"date":"2024-09-21T12:54:28","date_gmt":"2024-09-21T16:54:28","guid":{"rendered":"https:\/\/elluchador.info\/?p=249552"},"modified":"2024-09-21T12:54:32","modified_gmt":"2024-09-21T16:54:32","slug":"primer-ministro-libanes-cancela-viaje-a-la-onu-por-ataques","status":"publish","type":"post","link":"https:\/\/elluchador.info\/?p=249552","title":{"rendered":"Primer ministro liban\u00e9s cancela viaje a la ONU por ataques"},"content":{"rendered":"\n<p>El primer ministro liban\u00e9s, Najib Mikati, anunci\u00f3 este s\u00e1bado la cancelaci\u00f3n de su viaje a Nueva York, donde ten\u00eda previsto participar en la Asamblea General de Naciones Unidas, para atender la emergencia en el pa\u00eds tras los \u00faltimos bombardeos israel\u00edes en Beirut y las explosiones de b\u00edperes que dejaron decenas de muertos y miles de heridos.<\/p>\n\n\n\n<p>\u00abA la luz de los acontecimientos relacionados con la agresi\u00f3n israel\u00ed al L\u00edbano, decid\u00ed abstenerme de viajar, y acord\u00e9, previa consulta y coordinaci\u00f3n con el Ministro de Asuntos Exteriores, los temas de la acci\u00f3n diplom\u00e1tica exterior urgente en esta etapa\u201d, anunci\u00f3 Mikati en un comunicado. El titular de Exteriores, Abdallah Bouhabib, se encuentra actualmente en Nueva York.<\/p>\n\n\n\n<p>En la nota, Mikati detall\u00f3 que ten\u00eda la intenci\u00f3n de viajar a la ciudad estadounidense como parte de \u00abla intensificaci\u00f3n de la acci\u00f3n diplom\u00e1tica libanesa\u00bb durante los trabajos de la Asamblea General de las Naciones Unidas, con el objetivo de \u00abdetener la continua agresi\u00f3n israel\u00ed contra el L\u00edbano y las masacres cometidas\u00bb.<\/p>\n\n\n\n<p><strong>Llamado a la comunidad internacional<\/strong><\/p>\n\n\n\n<p>Los \u00faltimos acontecimientos llevaron a Mikati a permanecer en su pa\u00eds porque \u00aben este momento no hay prioridad m\u00e1s alta que detener las masacres cometidas por el enemigo israel\u00ed\u00bb. Asimismo, el primer ministro hizo un llamado a la comunidad internacional \u00abpara que adopte una posici\u00f3n clara ante estas horribles masacres\u00bb y pidi\u00f3 que \u00abse adopten leyes internacionales para neutralizar los medios tecnol\u00f3gicos civiles de los objetivos militares y de guerra\u00bb.<\/p>\n\n\n\n<p>La decisi\u00f3n de Mikati viene motivada por los \u00faltimos tres ataques sufridos a lo largo de esta semana que, seg\u00fan el Ministerio de Salud P\u00fablica liban\u00e9s, han dejado un total de 70 fallecidos hasta el momento y m\u00e1s de 3.000 heridos en el pa\u00eds mediterr\u00e1neo.<\/p>\n\n\n\n<p>Estas cifras engloban a las v\u00edctimas del bombardeo israel\u00ed contra un edificio en el Dahye, un suburbio en el sur de Beirut y basti\u00f3n de Hezbol\u00e1, donde 37 personas perdieron la vida y 68 resultaron heridas, as\u00ed como la oleada de explosiones simult\u00e1neas de aparatos de comunicaci\u00f3n en manos de integrantes de ese mismo grupo que sacudi\u00f3 diferentes puntos del pa\u00eds el pasado martes y mi\u00e9rcoles.<\/p>\n\n\n\n<p>Con informaci\u00f3n <strong><em><mark style=\"background-color:rgba(0, 0, 0, 0)\" class=\"has-inline-color has-vivid-cyan-blue-color\">AFP<\/mark><\/em><\/strong><\/p>\n","protected":false},"excerpt":{"rendered":"<p>El primer ministro liban\u00e9s, Najib Mikati, anunci\u00f3 este s\u00e1bado la cancelaci\u00f3n de su viaje a Nueva York, donde ten\u00eda previsto participar en la Asamblea General de Naciones Unidas, para atender la emergencia en el pa\u00eds tras los \u00faltimos bombardeos israel\u00edes en Beirut y las explosiones de b\u00edperes que dejaron decenas de muertos y miles de [&hellip;]<\/p>\n","protected":false},"author":33,"featured_media":249553,"comment_status":"closed","ping_status":"closed","sticky":false,"template":"","format":"standard","meta":{"footnotes":""},"categories":[8],"tags":[533,2063,269],"class_list":{"0":"post-249552","1":"post","2":"type-post","3":"status-publish","4":"format-standard","5":"has-post-thumbnail","7":"category-internacionales","8":"tag-ataques","9":"tag-libano","10":"tag-onu"},"_links":{"self":[{"href":"https:\/\/elluchador.info\/index.php?rest_route=\/wp\/v2\/posts\/249552","targetHints":{"allow":["GET"]}}],"collection":[{"href":"https:\/\/elluchador.info\/index.php?rest_route=\/wp\/v2\/posts"}],"about":[{"href":"https:\/\/elluchador.info\/index.php?rest_route=\/wp\/v2\/types\/post"}],"author":[{"embeddable":true,"href":"https:\/\/elluchador.info\/index.php?rest_route=\/wp\/v2\/users\/33"}],"replies":[{"embeddable":true,"href":"https:\/\/elluchador.info\/index.php?rest_route=%2Fwp%2Fv2%2Fcomments&post=249552"}],"version-history":[{"count":1,"href":"https:\/\/elluchador.info\/index.php?rest_route=\/wp\/v2\/posts\/249552\/revisions"}],"predecessor-version":[{"id":249554,"href":"https:\/\/elluchador.info\/index.php?rest_route=\/wp\/v2\/posts\/249552\/revisions\/249554"}],"wp:featuredmedia":[{"embeddable":true,"href":"https:\/\/elluchador.info\/index.php?rest_route=\/wp\/v2\/media\/249553"}],"wp:attachment":[{"href":"https:\/\/elluchador.info\/index.php?rest_route=%2Fwp%2Fv2%2Fmedia&parent=249552"}],"wp:term":[{"taxonomy":"category","embeddable":true,"href":"https:\/\/elluchador.info\/index.php?rest_route=%2Fwp%2Fv2%2Fcategories&post=249552"},{"taxonomy":"post_tag","embeddable":true,"href":"https:\/\/elluchador.info\/index.php?rest_route=%2Fwp%2Fv2%2Ftags&post=249552"}],"curies":[{"name":"wp","href":"https:\/\/api.w.org\/{rel}","templated":true}]}}