{"id":249862,"date":"2024-09-23T16:12:58","date_gmt":"2024-09-23T20:12:58","guid":{"rendered":"https:\/\/elluchador.info\/?p=249862"},"modified":"2024-09-23T16:13:01","modified_gmt":"2024-09-23T20:13:01","slug":"cleb-promovera-proyecto-de-ley-sobre-la-afrovenezolanidad","status":"publish","type":"post","link":"https:\/\/elluchador.info\/?p=249862","title":{"rendered":"CLEB promover\u00e1 proyecto de ley sobre la Afrovenezolanidad"},"content":{"rendered":"\n<p>La Comisi\u00f3n Permanente de Desarrollo Social del Consejo Legislativo del estado<br>Bol\u00edvar (CLEB), presidida por la legisladora Yusleiby Ram\u00edrez, realiz\u00f3 este lunes una amplia convocatoria al sector de los afrodescendientes en la entidad bolivarense, para promover un anteproyecto de ley sobre la Afrovenezolanidad, el cual ser\u00e1 llevado a la C\u00e1mara Legislativa para su admisi\u00f3n el pr\u00f3ximo jueves 26 del presente mes.<\/p>\n\n\n\n<p>La legisladora Yusleiby Ram\u00edrez indic\u00f3 que este instrumento legal est\u00e1 enmarcado en la Ley Org\u00e1nica contra la Discriminaci\u00f3n Racial, ya sancionada por la Asamblea Nacional, y estar\u00e1 enfocado en garantizar las condiciones para promover y profundizar las manifestaciones culturales de la afrovenezolanidad en poblaciones como El Callao, Aripao y Pueblo Guri.<\/p>\n\n\n\n<p>\u00abEsta ley viene a generar un proceso de incorporaci\u00f3n de grupos hist\u00f3ricamente excluidos, promoviendo, por supuesto, sus deberes y derechos, en el marco de lo que es nuestra Constituci\u00f3n\u00bb, dijo Ram\u00edrez.<\/p>\n\n\n\n<figure class=\"wp-block-image size-full\"><img loading=\"lazy\" decoding=\"async\" width=\"984\" height=\"432\" src=\"https:\/\/elluchador.info\/wp-content\/uploads\/2024\/09\/1.1.jpg\" alt=\"\" class=\"wp-image-249863\" srcset=\"https:\/\/elluchador.info\/wp-content\/uploads\/2024\/09\/1.1.jpg 984w, https:\/\/elluchador.info\/wp-content\/uploads\/2024\/09\/1.1-300x132.jpg 300w, https:\/\/elluchador.info\/wp-content\/uploads\/2024\/09\/1.1-768x337.jpg 768w, https:\/\/elluchador.info\/wp-content\/uploads\/2024\/09\/1.1-150x66.jpg 150w, https:\/\/elluchador.info\/wp-content\/uploads\/2024\/09\/1.1-696x306.jpg 696w\" sizes=\"auto, (max-width: 984px) 100vw, 984px\" \/><\/figure>\n\n\n\n<p>Asimismo, la profesora Mireya London, representante de la comunidad afrodescendiente del estado Bol\u00edvar, al establecer su opini\u00f3n acerca del proceso de consulta p\u00fablica al cual ser\u00e1 sometida esta ley, expres\u00f3; \u00abEstamos seguros de que en cada municipio que visitemos, encontraremos las mejores propuestas para hacer de la Ley Afrodescendiente del estado Bol\u00edvar una ley de calidad.\u00bb<\/p>\n\n\n\n<p>Por su parte, Horacio Alarc\u00f3n, Secretario de Comunicaci\u00f3n e Informaci\u00f3n de la Gobernaci\u00f3n del estado Bol\u00edvar y uno de los principales impulsores del movimiento de afrodescendientes en la regi\u00f3n, enfatiz\u00f3 la importancia de reconocer y valorar la afrovenezolanidad, \u00abnuestros ancestros vinieron de \u00c1frica y es fundamental \u00abdar continuidad\u00bb a su legado 500 a\u00f1os despu\u00e9s\u00bb.<\/p>\n\n\n\n<p>\u00abPor esta raz\u00f3n, hemos solicitado al Consejo Legislativo la creaci\u00f3n de una ley que establezca un \u00abInstituto de Afrodescendientes del Estado\u00bb y una secretar\u00eda en la gobernaci\u00f3n, con el objetivo de atender las necesidades espec\u00edficas de estas comunidades\u00bb, concluy\u00f3 Alarc\u00f3n. <\/p>\n\n\n\n<p>Adem\u00e1s, se enfatiz\u00f3 la importancia de que cada municipio cuente con un instituto aut\u00f3nomo encargado de evaluar y revisar las pol\u00edticas sociales dirigidas a las comunidades afrodescendientes, destacando que actualmente existe una deuda hist\u00f3rica con estas poblaciones. <\/p>\n\n\n\n<p><strong><em><mark style=\"background-color:rgba(0, 0, 0, 0)\" class=\"has-inline-color has-vivid-red-color\">Prensa CLEB<\/mark><\/em><\/strong><\/p>\n","protected":false},"excerpt":{"rendered":"<p>La Comisi\u00f3n Permanente de Desarrollo Social del Consejo Legislativo del estadoBol\u00edvar (CLEB), presidida por la legisladora Yusleiby Ram\u00edrez, realiz\u00f3 este lunes una amplia convocatoria al sector de los afrodescendientes en la entidad bolivarense, para promover un anteproyecto de ley sobre la Afrovenezolanidad, el cual ser\u00e1 llevado a la C\u00e1mara Legislativa para su admisi\u00f3n el pr\u00f3ximo [&hellip;]<\/p>\n","protected":false},"author":33,"featured_media":249864,"comment_status":"closed","ping_status":"closed","sticky":false,"template":"","format":"standard","meta":{"footnotes":""},"categories":[12],"tags":[185,306,2103],"class_list":{"0":"post-249862","1":"post","2":"type-post","3":"status-publish","4":"format-standard","5":"has-post-thumbnail","7":"category-regionales","8":"tag-bolivar","9":"tag-ciudad-bolivar","10":"tag-cleb"},"_links":{"self":[{"href":"https:\/\/elluchador.info\/index.php?rest_route=\/wp\/v2\/posts\/249862","targetHints":{"allow":["GET"]}}],"collection":[{"href":"https:\/\/elluchador.info\/index.php?rest_route=\/wp\/v2\/posts"}],"about":[{"href":"https:\/\/elluchador.info\/index.php?rest_route=\/wp\/v2\/types\/post"}],"author":[{"embeddable":true,"href":"https:\/\/elluchador.info\/index.php?rest_route=\/wp\/v2\/users\/33"}],"replies":[{"embeddable":true,"href":"https:\/\/elluchador.info\/index.php?rest_route=%2Fwp%2Fv2%2Fcomments&post=249862"}],"version-history":[{"count":1,"href":"https:\/\/elluchador.info\/index.php?rest_route=\/wp\/v2\/posts\/249862\/revisions"}],"predecessor-version":[{"id":249865,"href":"https:\/\/elluchador.info\/index.php?rest_route=\/wp\/v2\/posts\/249862\/revisions\/249865"}],"wp:featuredmedia":[{"embeddable":true,"href":"https:\/\/elluchador.info\/index.php?rest_route=\/wp\/v2\/media\/249864"}],"wp:attachment":[{"href":"https:\/\/elluchador.info\/index.php?rest_route=%2Fwp%2Fv2%2Fmedia&parent=249862"}],"wp:term":[{"taxonomy":"category","embeddable":true,"href":"https:\/\/elluchador.info\/index.php?rest_route=%2Fwp%2Fv2%2Fcategories&post=249862"},{"taxonomy":"post_tag","embeddable":true,"href":"https:\/\/elluchador.info\/index.php?rest_route=%2Fwp%2Fv2%2Ftags&post=249862"}],"curies":[{"name":"wp","href":"https:\/\/api.w.org\/{rel}","templated":true}]}}