{"id":249866,"date":"2024-09-23T16:21:54","date_gmt":"2024-09-23T20:21:54","guid":{"rendered":"https:\/\/elluchador.info\/?p=249866"},"modified":"2024-09-23T18:47:29","modified_gmt":"2024-09-23T22:47:29","slug":"gobierno-regional-invitan-a-festival-turistico-bolivar-ancestral","status":"publish","type":"post","link":"https:\/\/elluchador.info\/?p=249866","title":{"rendered":"Gobierno regional invita a Festival Tur\u00edstico Bol\u00edvar Ancestral"},"content":{"rendered":"\n<p><em><sup>En el marco del D\u00eda Mundial del Turismo, la Gobernaci\u00f3n del estado Bol\u00edvar ha preparado un festival tur\u00edstico durante una semana<\/sup><\/em><\/p>\n\n\n\n<p>La hist\u00f3rica capital del estado Bol\u00edvar se prepara para vivir una agenda amplia, llena de celebraci\u00f3n, cultura y tradici\u00f3n con el Festival Tur\u00edstico \u201cBol\u00edvar Ancestral\u201d, a realizarse del 23 al 27 de septiembre de 2024.<\/p>\n\n\n\n<p>Bajo el eslogan \u201cSomos tierra de paz\u201d, este evento busca conmemorar el D\u00eda Mundial del Turismo, y posicionar al estado Bol\u00edvar como un destino de primer nivel, siguiendo pol\u00edticas del presidente Nicol\u00e1s Maduro, bajo la gesti\u00f3n del gobernador \u00c1ngel Marcano.<\/p>\n\n\n<div class=\"wp-block-image\">\n<figure class=\"aligncenter size-large\"><img loading=\"lazy\" decoding=\"async\" width=\"1024\" height=\"768\" src=\"https:\/\/elluchador.info\/wp-content\/uploads\/2024\/09\/2-festival--1024x768.jpg\" alt=\"\" class=\"wp-image-249867\" srcset=\"https:\/\/elluchador.info\/wp-content\/uploads\/2024\/09\/2-festival--1024x768.jpg 1024w, https:\/\/elluchador.info\/wp-content\/uploads\/2024\/09\/2-festival--300x225.jpg 300w, https:\/\/elluchador.info\/wp-content\/uploads\/2024\/09\/2-festival--768x576.jpg 768w, https:\/\/elluchador.info\/wp-content\/uploads\/2024\/09\/2-festival--150x113.jpg 150w, https:\/\/elluchador.info\/wp-content\/uploads\/2024\/09\/2-festival--696x522.jpg 696w, https:\/\/elluchador.info\/wp-content\/uploads\/2024\/09\/2-festival--1068x801.jpg 1068w, https:\/\/elluchador.info\/wp-content\/uploads\/2024\/09\/2-festival-.jpg 1080w\" sizes=\"auto, (max-width: 1024px) 100vw, 1024px\" \/><figcaption class=\"wp-element-caption\"><strong><em>Festival Tur\u00edstico \u201cBol\u00edvar Ancestral\u201d<\/em><\/strong><\/figcaption><\/figure>\n<\/div>\n\n\n<p>El Festival se llevar\u00e1 a cabo en los espacios del cuadril\u00e1tero hist\u00f3rico de Ciudad Bol\u00edvar, un lugar lleno de historia y encanto. Representantes del sector tur\u00edstico, instituciones, emprendedores y artistas regionales y locales se reunir\u00e1n para ser parte de una programaci\u00f3n que incluye actividades recreativas, congresos, cocina en vivo y presentaciones musicales.<\/p>\n\n\n\n<p><strong>Turismo ancestral<\/strong><\/p>\n\n\n\n<p>Los emprendedores tendr\u00e1n la oportunidad de exhibir y vender productos aut\u00e9nticos, ofreciendo la posibilidad de adquirir artesan\u00edas y otros art\u00edculos \u00fanicos. Adem\u00e1s, realizar\u00e1n recorridos guiados por las casas patrimoniales del casco hist\u00f3rico, donde se profundizar\u00e1n los relatos y leyendas que han dado forma a la idiosincrasia bolivarense.<\/p>\n\n\n\n<p>Esta iniciativa cuenta con la participaci\u00f3n de la Gobernaci\u00f3n del estado Bol\u00edvar, a trav\u00e9s de la Secretar\u00eda de Turismo, en conjunto con el Instituto Nacional de Turismo (Inatur Bol\u00edvar), la Direcci\u00f3n de Turismo de la Alcald\u00eda del municipio Angostura del Orinoco, la C\u00e1mara de Turismo del estado Bol\u00edvar y el Movimiento Municipal Emprender Juntos.<\/p>\n\n\n\n<p>Estas instituciones han unido esfuerzos para garantizar el \u00e9xito del evento y ofrecer una experiencia enriquecedora.<\/p>\n\n\n\n<p><strong><mark style=\"background-color:rgba(0, 0, 0, 0)\" class=\"has-inline-color has-luminous-vivid-orange-color\">Programaci\u00f3n<\/mark><\/strong><\/p>\n\n\n\n<p>La inauguraci\u00f3n se dio este lunes 23, con la misa de acci\u00f3n de gracias en la Catedral Metropolitana de la entidad bolivarense. Este martes 24 inicia la jornada con una gincana denominada \u201cTuristeando en Ciudad Bol\u00edvar\u201d, a partir de las 8:30 a.m., en el casco hist\u00f3rico.<\/p>\n\n\n\n<p>El 25 se har\u00e1 el Congreso Internacional \u201cTurismo y paz como fuente de la riqueza de la humanidad\u201d, a las 09:00 a.m., en la Fundaci\u00f3n Bol\u00edvar Emprendedora. Siguiendo el 26 con la Ruta \u201cPiar en Angostura\u201d, a las 05:00 p.m., en el casco hist\u00f3rico de Ciudad Bol\u00edvar.<\/p>\n\n\n\n<figure class=\"wp-block-image size-large\"><img loading=\"lazy\" decoding=\"async\" width=\"1024\" height=\"768\" src=\"https:\/\/elluchador.info\/wp-content\/uploads\/2024\/09\/3-festival-1024x768.jpg\" alt=\"\" class=\"wp-image-249868\" srcset=\"https:\/\/elluchador.info\/wp-content\/uploads\/2024\/09\/3-festival-1024x768.jpg 1024w, https:\/\/elluchador.info\/wp-content\/uploads\/2024\/09\/3-festival-300x225.jpg 300w, https:\/\/elluchador.info\/wp-content\/uploads\/2024\/09\/3-festival-768x576.jpg 768w, https:\/\/elluchador.info\/wp-content\/uploads\/2024\/09\/3-festival-150x113.jpg 150w, https:\/\/elluchador.info\/wp-content\/uploads\/2024\/09\/3-festival-696x522.jpg 696w, https:\/\/elluchador.info\/wp-content\/uploads\/2024\/09\/3-festival-1068x801.jpg 1068w, https:\/\/elluchador.info\/wp-content\/uploads\/2024\/09\/3-festival.jpg 1080w\" sizes=\"auto, (max-width: 1024px) 100vw, 1024px\" \/><figcaption class=\"wp-element-caption\"><strong>Equipo multidisciplinario de turismo prepar\u00f3 cronograma de actividades<\/strong><\/figcaption><\/figure>\n\n\n\n<p>El 27, fecha de cierre, tendr\u00e1 lugar el festival tur\u00edstico \u201cBol\u00edvar ancestral, somos tierra de paz\u201d, en la ma\u00f1ana, siguiendo con presentaci\u00f3n de experiencias exitosas en turismo, y el corredor gastron\u00f3mico, artesanal y cultural, desde la calle Amor Patrio, hasta la Calle Boyac\u00e1.<\/p>\n\n\n\n<p>Tambi\u00e9n podr\u00e1n disfrutar de juegos tradicionales, deportivos y recreativos, as\u00ed como cocina en vivo y cocineritos, y el talento de artistas de la regi\u00f3n.<\/p>\n\n\n\n<p><strong>Trabajo institucional<\/strong><\/p>\n\n\n\n<p class=\"has-text-align-left\">En el marco del mes mundial del turismo, la Gobernaci\u00f3n del estado Bol\u00edvar se ha desplegado en una serie de actividades que conmemoran esta importante fecha; destacando el acompa\u00f1amiento a los proyectos de los circuitos comunales, que han sido elegidos en la primera Consulta Popular Nacional.<\/p>\n\n\n\n<p class=\"has-text-align-left\">Se han presentado cuatro proyectos comunitarios, que abarcan desde la creaci\u00f3n de paradores y corredores tur\u00edsticos, hasta la dotaci\u00f3n de equipos (kayak y salvavidas). Estas propuestas no s\u00f3lo buscan dinamizar la econom\u00eda, sino tambi\u00e9n, fortalecer el tejido social, mediante la participaci\u00f3n de los ciudadanos.<\/p>\n\n\n\n<p class=\"has-text-align-left\">Se ha llevado a cabo la certificaci\u00f3n de nuevas rutas tur\u00edsticas avaladas por el Ministerio de Turismo, se han entregado 35 certificados para nuevos gu\u00edas de turismo comunitarios preparados por la Secretar\u00eda del Turismo.<\/p>\n\n\n\n<p class=\"has-text-align-left\">El Gobierno del estado Bol\u00edvar reafirma su compromiso con la inclusi\u00f3n y el desarrollo, invitando a todos los ciudadanos a participar en estas actividades.<\/p>\n\n\n\n<p><strong><em><mark style=\"background-color:rgba(0, 0, 0, 0)\" class=\"has-inline-color has-vivid-green-cyan-color\">Prensa Gobernaci\u00f3n de Bol\u00edvar<\/mark><\/em><\/strong><\/p>\n","protected":false},"excerpt":{"rendered":"<p>En el marco del D\u00eda Mundial del Turismo, la Gobernaci\u00f3n del estado Bol\u00edvar ha preparado un festival tur\u00edstico durante una semana La hist\u00f3rica capital del estado Bol\u00edvar se prepara para vivir una agenda amplia, llena de celebraci\u00f3n, cultura y tradici\u00f3n con el Festival Tur\u00edstico \u201cBol\u00edvar Ancestral\u201d, a realizarse del 23 al 27 de septiembre de [&hellip;]<\/p>\n","protected":false},"author":33,"featured_media":249869,"comment_status":"closed","ping_status":"closed","sticky":false,"template":"","format":"standard","meta":{"footnotes":""},"categories":[12],"tags":[306,2104,638],"class_list":{"0":"post-249866","1":"post","2":"type-post","3":"status-publish","4":"format-standard","5":"has-post-thumbnail","7":"category-regionales","8":"tag-ciudad-bolivar","9":"tag-festival","10":"tag-turismo"},"_links":{"self":[{"href":"https:\/\/elluchador.info\/index.php?rest_route=\/wp\/v2\/posts\/249866","targetHints":{"allow":["GET"]}}],"collection":[{"href":"https:\/\/elluchador.info\/index.php?rest_route=\/wp\/v2\/posts"}],"about":[{"href":"https:\/\/elluchador.info\/index.php?rest_route=\/wp\/v2\/types\/post"}],"author":[{"embeddable":true,"href":"https:\/\/elluchador.info\/index.php?rest_route=\/wp\/v2\/users\/33"}],"replies":[{"embeddable":true,"href":"https:\/\/elluchador.info\/index.php?rest_route=%2Fwp%2Fv2%2Fcomments&post=249866"}],"version-history":[{"count":2,"href":"https:\/\/elluchador.info\/index.php?rest_route=\/wp\/v2\/posts\/249866\/revisions"}],"predecessor-version":[{"id":249893,"href":"https:\/\/elluchador.info\/index.php?rest_route=\/wp\/v2\/posts\/249866\/revisions\/249893"}],"wp:featuredmedia":[{"embeddable":true,"href":"https:\/\/elluchador.info\/index.php?rest_route=\/wp\/v2\/media\/249869"}],"wp:attachment":[{"href":"https:\/\/elluchador.info\/index.php?rest_route=%2Fwp%2Fv2%2Fmedia&parent=249866"}],"wp:term":[{"taxonomy":"category","embeddable":true,"href":"https:\/\/elluchador.info\/index.php?rest_route=%2Fwp%2Fv2%2Fcategories&post=249866"},{"taxonomy":"post_tag","embeddable":true,"href":"https:\/\/elluchador.info\/index.php?rest_route=%2Fwp%2Fv2%2Ftags&post=249866"}],"curies":[{"name":"wp","href":"https:\/\/api.w.org\/{rel}","templated":true}]}}