{"id":249871,"date":"2024-09-23T16:28:42","date_gmt":"2024-09-23T20:28:42","guid":{"rendered":"https:\/\/elluchador.info\/?p=249871"},"modified":"2024-09-23T16:28:47","modified_gmt":"2024-09-23T20:28:47","slug":"fiestas-patrias-en-chile-dejo-unos-100-fallecidos","status":"publish","type":"post","link":"https:\/\/elluchador.info\/?p=249871","title":{"rendered":"Fiestas Patrias en Chile dej\u00f3 unos 100 fallecidos"},"content":{"rendered":"\n<p>Las Fiestas Patrias, las festividades m\u00e1s importantes de Chile, dejaron 61 muertos en accidentes de carretera y 37 fallecidos en distintos episodios de violencia relacionada con el crimen organizado, informaron este lunes las autoridades.<\/p>\n\n\n\n<p>Los fallecimientos por siniestros viales subieron un 64% en comparaci\u00f3n con 2019, a\u00f1o en el que las fiestas duraron tambi\u00e9n 5 d\u00edas, mientras que este a\u00f1o se registraron seis asesinatos m\u00e1s que entonces.<\/p>\n\n\n\n<p>El subsecretario de Prevenci\u00f3n del Delito, Eduardo Vergara, explic\u00f3 que la mayor\u00eda de los asesinatos ocurrieron en la capital y estuvieron \u00abmarcados por el uso de armas de fuego, de criminalidad y de drogas\u00bb. \u00abTenemos una deuda pendiente con reducir la cantidad de armas que circulan en nuestras calles\u00bb, admiti\u00f3 Vergara.<\/p>\n\n\n\n<p>El jefe de la zona Santiago Oeste del cuerpo policial de Carabineros, Juan Mu\u00f1oz, agreg\u00f3 por su parte que muchos de los cr\u00edmenes \u00abpodr\u00edan estar asociados a ajustes de cuentas, a disputas entre organizaciones criminales\u00bb.<\/p>\n\n\n\n<p><strong>No es \u00abhabitual\u00bb<\/strong><\/p>\n\n\n\n<p>Las autoridades negaron que se est\u00e9 \u00abnormalizando\u00bb, luego de que la ministra del Interior, Carolina Toh\u00e1, dijera el fin de semana que la cifra de muertos en episodios de violencia criminal es \u00abhabitual\u00bb, lo que despert\u00f3 muchas cr\u00edticas en la oposici\u00f3n de derecha.<\/p>\n\n\n\n<p>\u00abLa prioridad hoy es capturar a los culpables de estos homicidios y que la justicia no los deje impunes. Si hubo malos entendidos, que quede claro: Cada homicidio es irreparable e inadmisible\u00bb, indic\u00f3 este lunes en su cuenta X la ministra.<\/p>\n\n\n\n<p>Chile vive desde hace unos a\u00f1os una crisis de inseguridad motivada por la llegada al pa\u00eds del crimen organizado trasnacional y la sensaci\u00f3n de inseguridad no para de crecer, con el crimen convertido en la mayor preocupaci\u00f3n ciudadana, por encima de la inflaci\u00f3n o el desempleo.<\/p>\n\n\n\n<p>El Gobierno ha puesto en marcha distintas medidas para enfrentar la delincuencia y aplic\u00f3 este a\u00f1o el mayor aumento en los presupuestos destinados a seguridad de los \u00faltimos ocho a\u00f1os, pero la oposici\u00f3n de derechas considera que no es suficiente y reclama decretar un estado de excepci\u00f3n en la capital.<\/p>\n\n\n\n<p>Con informaci\u00f3n <strong><em><mark style=\"background-color:rgba(0, 0, 0, 0)\" class=\"has-inline-color has-vivid-cyan-blue-color\">Bio Bio Chile<\/mark><\/em><\/strong><\/p>\n","protected":false},"excerpt":{"rendered":"<p>Las Fiestas Patrias, las festividades m\u00e1s importantes de Chile, dejaron 61 muertos en accidentes de carretera y 37 fallecidos en distintos episodios de violencia relacionada con el crimen organizado, informaron este lunes las autoridades. Los fallecimientos por siniestros viales subieron un 64% en comparaci\u00f3n con 2019, a\u00f1o en el que las fiestas duraron tambi\u00e9n 5 [&hellip;]<\/p>\n","protected":false},"author":33,"featured_media":249872,"comment_status":"closed","ping_status":"closed","sticky":false,"template":"","format":"standard","meta":{"footnotes":""},"categories":[8],"tags":[371,295,2105],"class_list":{"0":"post-249871","1":"post","2":"type-post","3":"status-publish","4":"format-standard","5":"has-post-thumbnail","7":"category-internacionales","8":"tag-chile","9":"tag-fallecidos","10":"tag-patrias"},"_links":{"self":[{"href":"https:\/\/elluchador.info\/index.php?rest_route=\/wp\/v2\/posts\/249871","targetHints":{"allow":["GET"]}}],"collection":[{"href":"https:\/\/elluchador.info\/index.php?rest_route=\/wp\/v2\/posts"}],"about":[{"href":"https:\/\/elluchador.info\/index.php?rest_route=\/wp\/v2\/types\/post"}],"author":[{"embeddable":true,"href":"https:\/\/elluchador.info\/index.php?rest_route=\/wp\/v2\/users\/33"}],"replies":[{"embeddable":true,"href":"https:\/\/elluchador.info\/index.php?rest_route=%2Fwp%2Fv2%2Fcomments&post=249871"}],"version-history":[{"count":1,"href":"https:\/\/elluchador.info\/index.php?rest_route=\/wp\/v2\/posts\/249871\/revisions"}],"predecessor-version":[{"id":249873,"href":"https:\/\/elluchador.info\/index.php?rest_route=\/wp\/v2\/posts\/249871\/revisions\/249873"}],"wp:featuredmedia":[{"embeddable":true,"href":"https:\/\/elluchador.info\/index.php?rest_route=\/wp\/v2\/media\/249872"}],"wp:attachment":[{"href":"https:\/\/elluchador.info\/index.php?rest_route=%2Fwp%2Fv2%2Fmedia&parent=249871"}],"wp:term":[{"taxonomy":"category","embeddable":true,"href":"https:\/\/elluchador.info\/index.php?rest_route=%2Fwp%2Fv2%2Fcategories&post=249871"},{"taxonomy":"post_tag","embeddable":true,"href":"https:\/\/elluchador.info\/index.php?rest_route=%2Fwp%2Fv2%2Ftags&post=249871"}],"curies":[{"name":"wp","href":"https:\/\/api.w.org\/{rel}","templated":true}]}}