{"id":250068,"date":"2024-09-25T11:07:11","date_gmt":"2024-09-25T15:07:11","guid":{"rendered":"https:\/\/elluchador.info\/?p=250068"},"modified":"2024-09-25T11:07:19","modified_gmt":"2024-09-25T15:07:19","slug":"estas-son-las-consecuencias-de-la-extraccion-de-las-amigdalas","status":"publish","type":"post","link":"https:\/\/elluchador.info\/?p=250068","title":{"rendered":"Estas son las consecuencias de la extracci\u00f3n de las am\u00edgdalas"},"content":{"rendered":"\n<p>La cirug\u00eda de extracci\u00f3n de las am\u00edgdalas podr\u00eda incidir en el aumento de la vulnerabilidad a enfermedades respiratorias. \u00bfPor qu\u00e9 motivo? Te lo contamos en detalle.<\/p>\n\n\n\n<p>Desde hace muchas d\u00e9cadas, los m\u00e9dicos aconsejan la extracci\u00f3n de las am\u00edgdalas de los ni\u00f1os como medida para tratar los dolores de garganta persistentes. De hecho, a veces sugieren una intervenci\u00f3n llamada adenoidectom\u00eda, en la cual tambi\u00e9n se extirpan las adenoides.<\/p>\n\n\n\n<p>Estas estructuras del tejido linf\u00e1tico act\u00faan como primera barrera del sistema inmunitario para detener el paso de los agentes pat\u00f3genos hacia el tracto respiratorio. Sin embargo, suelen inflamarse en los primeros a\u00f1os de vida, detonando molestias en las zonas circundantes.<\/p>\n\n\n<div class=\"wp-block-image\">\n<figure class=\"aligncenter size-full\"><img loading=\"lazy\" decoding=\"async\" width=\"468\" height=\"368\" src=\"https:\/\/elluchador.info\/wp-content\/uploads\/2024\/09\/my00132_-ds00273_-my02352_im00197_r7_tonsillitis2_jpg.webp\" alt=\"\" class=\"wp-image-250069\" srcset=\"https:\/\/elluchador.info\/wp-content\/uploads\/2024\/09\/my00132_-ds00273_-my02352_im00197_r7_tonsillitis2_jpg.webp 468w, https:\/\/elluchador.info\/wp-content\/uploads\/2024\/09\/my00132_-ds00273_-my02352_im00197_r7_tonsillitis2_jpg-300x236.webp 300w, https:\/\/elluchador.info\/wp-content\/uploads\/2024\/09\/my00132_-ds00273_-my02352_im00197_r7_tonsillitis2_jpg-150x118.webp 150w\" sizes=\"auto, (max-width: 468px) 100vw, 468px\" \/><\/figure>\n<\/div>\n\n\n<p>Dado que en la comunidad m\u00e9dica se considera que su ausencia no afecta la salud en la edad adulta, muchos profesionales optan por operarlas cuando hay infecciones recurrentes, dificultades respiratorias o agrandamiento de las mismas. \u00bfSon recomendables estos procedimientos?<\/p>\n\n\n\n<p>Un grupo de investigaci\u00f3n, dirigido por el Dr. Sean Byars de la Universidad de Melbourne, realiz\u00f3 el an\u00e1lisis de una recopilaci\u00f3n de datos masivos de 1,2 millones de ni\u00f1os daneses, nacidos entre 1979 y 1999. El resultado del an\u00e1lisis concluy\u00f3 que s\u00ed puede haber consecuencias por la cirug\u00eda de extracci\u00f3n de las am\u00edgdalas (amigdalectom\u00eda).<\/p>\n\n\n\n<p>Los participantes y grupos de control se seleccionaron de tal modo que su salud no difiri\u00f3 de manera significativa antes de la intervenci\u00f3n. Despu\u00e9s de comparar datos, el Dr. Byars y su equipo de trabajo encontraron que hay una relaci\u00f3n entre la amigdalectom\u00eda y el riesgo de algunas enfermedades respiratorias.<\/p>\n\n\n\n<p>Con informaci\u00f3n de <strong><em><mark style=\"background-color:rgba(0, 0, 0, 0)\" class=\"has-inline-color has-pale-pink-color\">Mejor con salud<\/mark><\/em><\/strong><\/p>\n","protected":false},"excerpt":{"rendered":"<p>La cirug\u00eda de extracci\u00f3n de las am\u00edgdalas podr\u00eda incidir en el aumento de la vulnerabilidad a enfermedades respiratorias. \u00bfPor qu\u00e9 motivo? Te lo contamos en detalle. Desde hace muchas d\u00e9cadas, los m\u00e9dicos aconsejan la extracci\u00f3n de las am\u00edgdalas de los ni\u00f1os como medida para tratar los dolores de garganta persistentes. De hecho, a veces sugieren [&hellip;]<\/p>\n","protected":false},"author":33,"featured_media":250070,"comment_status":"closed","ping_status":"closed","sticky":false,"template":"","format":"standard","meta":{"footnotes":""},"categories":[19],"tags":[2126,131],"class_list":{"0":"post-250068","1":"post","2":"type-post","3":"status-publish","4":"format-standard","5":"has-post-thumbnail","7":"category-salud","8":"tag-amigdalas","9":"tag-salud"},"_links":{"self":[{"href":"https:\/\/elluchador.info\/index.php?rest_route=\/wp\/v2\/posts\/250068","targetHints":{"allow":["GET"]}}],"collection":[{"href":"https:\/\/elluchador.info\/index.php?rest_route=\/wp\/v2\/posts"}],"about":[{"href":"https:\/\/elluchador.info\/index.php?rest_route=\/wp\/v2\/types\/post"}],"author":[{"embeddable":true,"href":"https:\/\/elluchador.info\/index.php?rest_route=\/wp\/v2\/users\/33"}],"replies":[{"embeddable":true,"href":"https:\/\/elluchador.info\/index.php?rest_route=%2Fwp%2Fv2%2Fcomments&post=250068"}],"version-history":[{"count":1,"href":"https:\/\/elluchador.info\/index.php?rest_route=\/wp\/v2\/posts\/250068\/revisions"}],"predecessor-version":[{"id":250071,"href":"https:\/\/elluchador.info\/index.php?rest_route=\/wp\/v2\/posts\/250068\/revisions\/250071"}],"wp:featuredmedia":[{"embeddable":true,"href":"https:\/\/elluchador.info\/index.php?rest_route=\/wp\/v2\/media\/250070"}],"wp:attachment":[{"href":"https:\/\/elluchador.info\/index.php?rest_route=%2Fwp%2Fv2%2Fmedia&parent=250068"}],"wp:term":[{"taxonomy":"category","embeddable":true,"href":"https:\/\/elluchador.info\/index.php?rest_route=%2Fwp%2Fv2%2Fcategories&post=250068"},{"taxonomy":"post_tag","embeddable":true,"href":"https:\/\/elluchador.info\/index.php?rest_route=%2Fwp%2Fv2%2Ftags&post=250068"}],"curies":[{"name":"wp","href":"https:\/\/api.w.org\/{rel}","templated":true}]}}