{"id":250072,"date":"2024-09-25T11:30:05","date_gmt":"2024-09-25T15:30:05","guid":{"rendered":"https:\/\/elluchador.info\/?p=250072"},"modified":"2024-09-25T11:32:17","modified_gmt":"2024-09-25T15:32:17","slug":"inicio-feria-escolar-2024-en-angostura-del-orinoco","status":"publish","type":"post","link":"https:\/\/elluchador.info\/?p=250072","title":{"rendered":"Inici\u00f3 Feria Escolar 2024 en Angostura del Orinoco"},"content":{"rendered":"\n<p>El alcalde del municipio Angostura del Orinoco, Sergio Hern\u00e1ndez, a trav\u00e9s de la red social instagram, recibi\u00f3 el plan Feria Escolar 2024 en las instalaciones del Parque Bol\u00edvar, parroquia Vista Hermosa, de Ciudad Bol\u00edvar.<\/p>\n\n\n\n<figure class=\"wp-block-gallery has-nested-images columns-default is-cropped wp-block-gallery-1 is-layout-flex wp-block-gallery-is-layout-flex\"><div class=\"wp-block-image\">\n<figure class=\"aligncenter size-large\"><img loading=\"lazy\" decoding=\"async\" width=\"1024\" height=\"755\" data-id=\"250075\" src=\"https:\/\/elluchador.info\/wp-content\/uploads\/2024\/09\/WhatsApp-Image-2024-09-25-at-11.11.43-AM-1024x755.jpeg\" alt=\"\" class=\"wp-image-250075\" srcset=\"https:\/\/elluchador.info\/wp-content\/uploads\/2024\/09\/WhatsApp-Image-2024-09-25-at-11.11.43-AM-1024x755.jpeg 1024w, https:\/\/elluchador.info\/wp-content\/uploads\/2024\/09\/WhatsApp-Image-2024-09-25-at-11.11.43-AM-300x221.jpeg 300w, https:\/\/elluchador.info\/wp-content\/uploads\/2024\/09\/WhatsApp-Image-2024-09-25-at-11.11.43-AM-768x566.jpeg 768w, https:\/\/elluchador.info\/wp-content\/uploads\/2024\/09\/WhatsApp-Image-2024-09-25-at-11.11.43-AM-150x111.jpeg 150w, https:\/\/elluchador.info\/wp-content\/uploads\/2024\/09\/WhatsApp-Image-2024-09-25-at-11.11.43-AM-696x513.jpeg 696w, https:\/\/elluchador.info\/wp-content\/uploads\/2024\/09\/WhatsApp-Image-2024-09-25-at-11.11.43-AM-1068x787.jpeg 1068w, https:\/\/elluchador.info\/wp-content\/uploads\/2024\/09\/WhatsApp-Image-2024-09-25-at-11.11.43-AM.jpeg 1080w\" sizes=\"auto, (max-width: 1024px) 100vw, 1024px\" \/><\/figure>\n<\/div><\/figure>\n\n\n\n<p>\u00abHoy damos inicio al Plan Feria Escolar 2024, de la mano del Ministerio de Comercio Nacional, la Misi\u00f3n Igualdad y Justicia Social Hugo Ch\u00e1vez, junto a la gobernaci\u00f3n y alcald\u00eda, brindando a la poblaci\u00f3n bolivarense esta feria escolar con precios solidarios y con productos de calidad para nuestros peque\u00f1os de la casa\u00bb, asever\u00f3 Hern\u00e1ndez.<\/p>\n\n\n\n<figure class=\"wp-block-gallery has-nested-images columns-default is-cropped wp-block-gallery-2 is-layout-flex wp-block-gallery-is-layout-flex\">\n<figure class=\"wp-block-image size-large\"><img loading=\"lazy\" decoding=\"async\" width=\"1024\" height=\"762\" data-id=\"250073\" src=\"https:\/\/elluchador.info\/wp-content\/uploads\/2024\/09\/WhatsApp-Image-2024-09-25-at-11.11.43-AM-1-1024x762.jpeg\" alt=\"\" class=\"wp-image-250073\" srcset=\"https:\/\/elluchador.info\/wp-content\/uploads\/2024\/09\/WhatsApp-Image-2024-09-25-at-11.11.43-AM-1-1024x762.jpeg 1024w, https:\/\/elluchador.info\/wp-content\/uploads\/2024\/09\/WhatsApp-Image-2024-09-25-at-11.11.43-AM-1-300x223.jpeg 300w, https:\/\/elluchador.info\/wp-content\/uploads\/2024\/09\/WhatsApp-Image-2024-09-25-at-11.11.43-AM-1-768x572.jpeg 768w, https:\/\/elluchador.info\/wp-content\/uploads\/2024\/09\/WhatsApp-Image-2024-09-25-at-11.11.43-AM-1-150x112.jpeg 150w, https:\/\/elluchador.info\/wp-content\/uploads\/2024\/09\/WhatsApp-Image-2024-09-25-at-11.11.43-AM-1-485x360.jpeg 485w, https:\/\/elluchador.info\/wp-content\/uploads\/2024\/09\/WhatsApp-Image-2024-09-25-at-11.11.43-AM-1-696x518.jpeg 696w, https:\/\/elluchador.info\/wp-content\/uploads\/2024\/09\/WhatsApp-Image-2024-09-25-at-11.11.43-AM-1-1068x795.jpeg 1068w, https:\/\/elluchador.info\/wp-content\/uploads\/2024\/09\/WhatsApp-Image-2024-09-25-at-11.11.43-AM-1.jpeg 1080w\" sizes=\"auto, (max-width: 1024px) 100vw, 1024px\" \/><\/figure>\n\n\n\n<figure class=\"wp-block-image size-large\"><img loading=\"lazy\" decoding=\"async\" width=\"1024\" height=\"759\" data-id=\"250074\" src=\"https:\/\/elluchador.info\/wp-content\/uploads\/2024\/09\/WhatsApp-Image-2024-09-25-at-11.11.42-AM-1-1024x759.jpeg\" alt=\"\" class=\"wp-image-250074\" srcset=\"https:\/\/elluchador.info\/wp-content\/uploads\/2024\/09\/WhatsApp-Image-2024-09-25-at-11.11.42-AM-1-1024x759.jpeg 1024w, https:\/\/elluchador.info\/wp-content\/uploads\/2024\/09\/WhatsApp-Image-2024-09-25-at-11.11.42-AM-1-300x222.jpeg 300w, https:\/\/elluchador.info\/wp-content\/uploads\/2024\/09\/WhatsApp-Image-2024-09-25-at-11.11.42-AM-1-768x569.jpeg 768w, https:\/\/elluchador.info\/wp-content\/uploads\/2024\/09\/WhatsApp-Image-2024-09-25-at-11.11.42-AM-1-150x111.jpeg 150w, https:\/\/elluchador.info\/wp-content\/uploads\/2024\/09\/WhatsApp-Image-2024-09-25-at-11.11.42-AM-1-485x360.jpeg 485w, https:\/\/elluchador.info\/wp-content\/uploads\/2024\/09\/WhatsApp-Image-2024-09-25-at-11.11.42-AM-1-696x516.jpeg 696w, https:\/\/elluchador.info\/wp-content\/uploads\/2024\/09\/WhatsApp-Image-2024-09-25-at-11.11.42-AM-1-1068x791.jpeg 1068w, https:\/\/elluchador.info\/wp-content\/uploads\/2024\/09\/WhatsApp-Image-2024-09-25-at-11.11.42-AM-1.jpeg 1080w\" sizes=\"auto, (max-width: 1024px) 100vw, 1024px\" \/><\/figure>\n<\/figure>\n\n\n\n<p>Por otro lado, el l\u00edder municipal afim\u00f3 que esta Feria Escolar 2024 podr\u00e1 llegar a las distintas parroquias de la capital; \u00abTodos los padres y maestros podr\u00e1n adquirir estos productos nacionales y a un buen precio, durante toda esta semana, pero sobre todo en las 9 parroquias de ciudad Bol\u00edvar, aqu\u00ed est\u00e1 un equipo trabajando para cumplir esa instrucci\u00f3n emanada por el presidente constitucional Nicol\u00e1s Maduro\u00bb, concluy\u00f3 Sergio Hern\u00e1ndez.<\/p>\n\n\n\n<p><strong><em><mark style=\"background-color:rgba(0, 0, 0, 0)\" class=\"has-inline-color has-vivid-red-color\">Redacci\u00f3n <\/mark><\/em><\/strong><\/p>\n","protected":false},"excerpt":{"rendered":"<p>El alcalde del municipio Angostura del Orinoco, Sergio Hern\u00e1ndez, a trav\u00e9s de la red social instagram, recibi\u00f3 el plan Feria Escolar 2024 en las instalaciones del Parque Bol\u00edvar, parroquia Vista Hermosa, de Ciudad Bol\u00edvar. \u00abHoy damos inicio al Plan Feria Escolar 2024, de la mano del Ministerio de Comercio Nacional, la Misi\u00f3n Igualdad y Justicia [&hellip;]<\/p>\n","protected":false},"author":33,"featured_media":250076,"comment_status":"closed","ping_status":"closed","sticky":false,"template":"","format":"standard","meta":{"footnotes":""},"categories":[20],"tags":[185,306],"class_list":{"0":"post-250072","1":"post","2":"type-post","3":"status-publish","4":"format-standard","5":"has-post-thumbnail","7":"category-municipal","8":"tag-bolivar","9":"tag-ciudad-bolivar"},"_links":{"self":[{"href":"https:\/\/elluchador.info\/index.php?rest_route=\/wp\/v2\/posts\/250072","targetHints":{"allow":["GET"]}}],"collection":[{"href":"https:\/\/elluchador.info\/index.php?rest_route=\/wp\/v2\/posts"}],"about":[{"href":"https:\/\/elluchador.info\/index.php?rest_route=\/wp\/v2\/types\/post"}],"author":[{"embeddable":true,"href":"https:\/\/elluchador.info\/index.php?rest_route=\/wp\/v2\/users\/33"}],"replies":[{"embeddable":true,"href":"https:\/\/elluchador.info\/index.php?rest_route=%2Fwp%2Fv2%2Fcomments&post=250072"}],"version-history":[{"count":2,"href":"https:\/\/elluchador.info\/index.php?rest_route=\/wp\/v2\/posts\/250072\/revisions"}],"predecessor-version":[{"id":250078,"href":"https:\/\/elluchador.info\/index.php?rest_route=\/wp\/v2\/posts\/250072\/revisions\/250078"}],"wp:featuredmedia":[{"embeddable":true,"href":"https:\/\/elluchador.info\/index.php?rest_route=\/wp\/v2\/media\/250076"}],"wp:attachment":[{"href":"https:\/\/elluchador.info\/index.php?rest_route=%2Fwp%2Fv2%2Fmedia&parent=250072"}],"wp:term":[{"taxonomy":"category","embeddable":true,"href":"https:\/\/elluchador.info\/index.php?rest_route=%2Fwp%2Fv2%2Fcategories&post=250072"},{"taxonomy":"post_tag","embeddable":true,"href":"https:\/\/elluchador.info\/index.php?rest_route=%2Fwp%2Fv2%2Ftags&post=250072"}],"curies":[{"name":"wp","href":"https:\/\/api.w.org\/{rel}","templated":true}]}}