{"id":250148,"date":"2024-09-25T17:47:06","date_gmt":"2024-09-25T21:47:06","guid":{"rendered":"https:\/\/elluchador.info\/?p=250148"},"modified":"2024-09-25T17:47:12","modified_gmt":"2024-09-25T21:47:12","slug":"detienen-a-mujer-por-golpear-a-su-hijo-de-cinco-anos","status":"publish","type":"post","link":"https:\/\/elluchador.info\/?p=250148","title":{"rendered":"Detienen a mujer por golpear a su hijo de cinco a\u00f1os"},"content":{"rendered":"\n<p>Funcionarios de la Polic\u00eda del Municipio San Francisco detuvieron a una mujer por agredir a su hijo de cinco a\u00f1os en el sector El Manzanillo, parroquia Francisco Ochoa.<\/p>\n\n\n\n<p>Los uniformados realizaban labores en el Centro de Coordinaci\u00f3n Policial cuando llegaron varias personas habitantes del barrio Bolivariano, del sector El Manzanillo denunciando a una vecina que han observado varias veces agrediendo f\u00edsicamente a su hijo, un ni\u00f1o de 5 a\u00f1os, golpe\u00e1ndolo, en reiteradas ocasiones, con una rama de un \u00e1rbol, caus\u00e1ndole m\u00faltiples heridas en la espalda.<\/p>\n\n\n\n<p>El ni\u00f1o en presencia de su abuela corrobor\u00f3 que su mam\u00e1 lo hab\u00eda agredido; siendo \u00e9ste trasladado en compa\u00f1\u00eda de su abuela, hasta el Ambulatorio Sierra Maestra para su valoraci\u00f3n m\u00e9dica, posteriormente hasta el Centro de Coordinaci\u00f3n Policial, para formalizar la declaraci\u00f3n, cuando se present\u00f3 la progenitora del ni\u00f1o afirmando que hab\u00eda agredido f\u00edsicamente a su hijo y en reiteradas ocasiones para reprenderlo; por todo lo antes expuesto se procedi\u00f3 a practicar el arresto.<\/p>\n\n\n\n<p>Tras el hecho la ciudadana fue identificada como; Vanessa Chiquinquir\u00e1 Rojas R\u00edo, de 22 a\u00f1os y qued\u00f3 a la orden del Ministerio P\u00fablico. <\/p>\n\n\n\n<p>Con informaci\u00f3n <strong><em><mark style=\"background-color:rgba(0, 0, 0, 0)\" class=\"has-inline-color has-vivid-green-cyan-color\">800 noticias<\/mark><\/em><\/strong><\/p>\n","protected":false},"excerpt":{"rendered":"<p>Funcionarios de la Polic\u00eda del Municipio San Francisco detuvieron a una mujer por agredir a su hijo de cinco a\u00f1os en el sector El Manzanillo, parroquia Francisco Ochoa. Los uniformados realizaban labores en el Centro de Coordinaci\u00f3n Policial cuando llegaron varias personas habitantes del barrio Bolivariano, del sector El Manzanillo denunciando a una vecina que [&hellip;]<\/p>\n","protected":false},"author":33,"featured_media":250149,"comment_status":"closed","ping_status":"closed","sticky":false,"template":"","format":"standard","meta":{"footnotes":""},"categories":[13],"tags":[2149,313,623,713],"class_list":{"0":"post-250148","1":"post","2":"type-post","3":"status-publish","4":"format-standard","5":"has-post-thumbnail","7":"category-sucesos","8":"tag-golpes","9":"tag-mujer","10":"tag-nino","11":"tag-zulia"},"_links":{"self":[{"href":"https:\/\/elluchador.info\/index.php?rest_route=\/wp\/v2\/posts\/250148","targetHints":{"allow":["GET"]}}],"collection":[{"href":"https:\/\/elluchador.info\/index.php?rest_route=\/wp\/v2\/posts"}],"about":[{"href":"https:\/\/elluchador.info\/index.php?rest_route=\/wp\/v2\/types\/post"}],"author":[{"embeddable":true,"href":"https:\/\/elluchador.info\/index.php?rest_route=\/wp\/v2\/users\/33"}],"replies":[{"embeddable":true,"href":"https:\/\/elluchador.info\/index.php?rest_route=%2Fwp%2Fv2%2Fcomments&post=250148"}],"version-history":[{"count":1,"href":"https:\/\/elluchador.info\/index.php?rest_route=\/wp\/v2\/posts\/250148\/revisions"}],"predecessor-version":[{"id":250150,"href":"https:\/\/elluchador.info\/index.php?rest_route=\/wp\/v2\/posts\/250148\/revisions\/250150"}],"wp:featuredmedia":[{"embeddable":true,"href":"https:\/\/elluchador.info\/index.php?rest_route=\/wp\/v2\/media\/250149"}],"wp:attachment":[{"href":"https:\/\/elluchador.info\/index.php?rest_route=%2Fwp%2Fv2%2Fmedia&parent=250148"}],"wp:term":[{"taxonomy":"category","embeddable":true,"href":"https:\/\/elluchador.info\/index.php?rest_route=%2Fwp%2Fv2%2Fcategories&post=250148"},{"taxonomy":"post_tag","embeddable":true,"href":"https:\/\/elluchador.info\/index.php?rest_route=%2Fwp%2Fv2%2Ftags&post=250148"}],"curies":[{"name":"wp","href":"https:\/\/api.w.org\/{rel}","templated":true}]}}