{"id":250158,"date":"2024-09-25T18:13:51","date_gmt":"2024-09-25T22:13:51","guid":{"rendered":"https:\/\/elluchador.info\/?p=250158"},"modified":"2024-09-25T18:13:55","modified_gmt":"2024-09-25T22:13:55","slug":"el-frances-raphael-varane-anuncio-su-retiro-del-futbol","status":"publish","type":"post","link":"https:\/\/elluchador.info\/?p=250158","title":{"rendered":"El franc\u00e9s Raphael Varane anunci\u00f3 su retiro del f\u00fatbol"},"content":{"rendered":"\n<p>El defensa internacional franc\u00e9s Raphael Varane, exjugador de Lens, Real Madrid y Manchester United, ha anunciado este martes, a trav\u00e9s de una carta publicada en sus redes, su retirada del f\u00fatbol profesional con tan solo 31 a\u00f1os.<\/p>\n\n\n\n<p>\u201cDicen que las cosas buenas deben tener un final. En mi carrera he asumido muchos retos, me he levantado una y otra vez. Se supon\u00eda que era imposible. Emociones incre\u00edbles, momentos especiales y recuerdos que durar\u00e1n toda la vida\u201d, expres\u00f3.<\/p>\n\n\n\n<p>\u201cReflexionando sobre estos momentos, anuncio con inmenso orgullo y satisfacci\u00f3n mi retirada del deporte que todos amamos\u201d, anuncia el zaguero nacido en Lille el 25 de abril de 1993.<\/p>\n\n\n\n<p><strong>Una experiencia apasionante<\/strong><\/p>\n\n\n\n<p>\u201cMe exijo lo m\u00e1ximo, quiero retirarme fuerte, no s\u00f3lo aferr\u00e1ndome al juego. Hace falta una gran dosis de coraje para escuchar a tu coraz\u00f3n y a tu instinto. El deseo y las necesidades son dos cosas distintas. He ca\u00eddo y me he levantado miles de veces, y esta vez, ha llegado el momento de parar y colgar las botas con mi \u00faltimo partido ganando un trofeo en Wembley\u201d (la Copa de la Liga\u201d, apunta.<\/p>\n\n\n\n<p>\u201cMe ha encantado luchar por m\u00ed, por mis clubes, por mi pa\u00eds, por mis compa\u00f1eros y por los seguidores de todos los equipos en los que he jugado. Desde el Lens al Madrid, pasando por el Manchester y jugando para nuestra selecci\u00f3n nacional. He defendido cada escudo con todo lo que tengo, y he amado cada minuto del viaje. El f\u00fatbol al m\u00e1s alto nivel es una experiencia apasionante.<\/p>\n\n\n\n<p>Pone a prueba todos los niveles del cuerpo y de la mente. Como deportistas, nunca estamos satisfechos, nunca aceptamos el \u00e9xito. Es nuestra naturaleza y lo que nos impulsa\u201d, indica el jugador franc\u00e9s.<\/p>\n\n\n\n<p><strong>Nueva vida fuera de los terrenos de juego<\/strong><\/p>\n\n\n\n<p>\u201cNo me arrepiento de nada, no cambiar\u00eda nada. He ganado m\u00e1s de lo que podr\u00eda haber so\u00f1ado, pero m\u00e1s all\u00e1 de los elogios y los trofeos, estoy orgulloso de haber mantenido mis principios de sinceridad y de haber intentado dejar todas las cosas mejor de lo que las encontr\u00e9. Espero haberos hecho sentir orgullosos\u201d, se\u00f1ala.<\/p>\n\n\n\n<p>\u201cY as\u00ed comienza una nueva vida fuera del terreno de juego. Seguir\u00e9 en el Como (club por el que hab\u00eda fichado). S\u00f3lo que sin usar mis botas y espinilleras\u201d, afirma Varane, quien da las gracias a todos los clubes, compa\u00f1eros, entrenadores, personal y seguidores de los clubes y equipos en los que jug\u00f3 y por \u201chacer que este viaje sea m\u00e1s especial de lo que jam\u00e1s hubiera so\u00f1ado\u201d.<\/p>\n\n\n\n<p>Con informaci\u00f3n <strong><em><mark style=\"background-color:rgba(0, 0, 0, 0)\" class=\"has-inline-color has-vivid-red-color\">ESPN<\/mark><\/em><\/strong><\/p>\n","protected":false},"excerpt":{"rendered":"<p>El defensa internacional franc\u00e9s Raphael Varane, exjugador de Lens, Real Madrid y Manchester United, ha anunciado este martes, a trav\u00e9s de una carta publicada en sus redes, su retirada del f\u00fatbol profesional con tan solo 31 a\u00f1os. \u201cDicen que las cosas buenas deben tener un final. En mi carrera he asumido muchos retos, me he [&hellip;]<\/p>\n","protected":false},"author":33,"featured_media":250159,"comment_status":"closed","ping_status":"closed","sticky":false,"template":"","format":"standard","meta":{"footnotes":""},"categories":[4],"tags":[2151,2152],"class_list":{"0":"post-250158","1":"post","2":"type-post","3":"status-publish","4":"format-standard","5":"has-post-thumbnail","7":"category-deportes","8":"tag-retiro","9":"tag-varane"},"_links":{"self":[{"href":"https:\/\/elluchador.info\/index.php?rest_route=\/wp\/v2\/posts\/250158","targetHints":{"allow":["GET"]}}],"collection":[{"href":"https:\/\/elluchador.info\/index.php?rest_route=\/wp\/v2\/posts"}],"about":[{"href":"https:\/\/elluchador.info\/index.php?rest_route=\/wp\/v2\/types\/post"}],"author":[{"embeddable":true,"href":"https:\/\/elluchador.info\/index.php?rest_route=\/wp\/v2\/users\/33"}],"replies":[{"embeddable":true,"href":"https:\/\/elluchador.info\/index.php?rest_route=%2Fwp%2Fv2%2Fcomments&post=250158"}],"version-history":[{"count":1,"href":"https:\/\/elluchador.info\/index.php?rest_route=\/wp\/v2\/posts\/250158\/revisions"}],"predecessor-version":[{"id":250160,"href":"https:\/\/elluchador.info\/index.php?rest_route=\/wp\/v2\/posts\/250158\/revisions\/250160"}],"wp:featuredmedia":[{"embeddable":true,"href":"https:\/\/elluchador.info\/index.php?rest_route=\/wp\/v2\/media\/250159"}],"wp:attachment":[{"href":"https:\/\/elluchador.info\/index.php?rest_route=%2Fwp%2Fv2%2Fmedia&parent=250158"}],"wp:term":[{"taxonomy":"category","embeddable":true,"href":"https:\/\/elluchador.info\/index.php?rest_route=%2Fwp%2Fv2%2Fcategories&post=250158"},{"taxonomy":"post_tag","embeddable":true,"href":"https:\/\/elluchador.info\/index.php?rest_route=%2Fwp%2Fv2%2Ftags&post=250158"}],"curies":[{"name":"wp","href":"https:\/\/api.w.org\/{rel}","templated":true}]}}