{"id":250400,"date":"2024-09-27T08:51:10","date_gmt":"2024-09-27T12:51:10","guid":{"rendered":"https:\/\/elluchador.info\/?p=250400"},"modified":"2024-09-27T09:03:43","modified_gmt":"2024-09-27T13:03:43","slug":"gobierno-nacional-prioriza-atencion-habitacional-a-25-mil-maestros-y-maestras","status":"publish","type":"post","link":"https:\/\/elluchador.info\/?p=250400","title":{"rendered":"Gobierno nacional prioriza atenci\u00f3n habitacional a 25 mil maestros del pa\u00eds"},"content":{"rendered":"\n<p>Este jueves se realiz\u00f3 la firma de un convenio entre los ministerios del Poder Popular para la Educaci\u00f3n y H\u00e1bitat y Vivienda, con el objetivo de priorizar la atenci\u00f3n en una primera fase a 25 mil maestros y maestras con la construcci\u00f3n y rehabilitaci\u00f3n de sus hogares.<\/p>\n\n\n\n<p>La informaci\u00f3n la dio a conocer el ministro de Educaci\u00f3n, H\u00e9ctor Rodr\u00edguez, a trav\u00e9s de un video publicado en su cuenta de Instagram, donde destaca que \u201ceste convenio adem\u00e1s cuenta con una l\u00ednea de cr\u00e9dito para reparaci\u00f3n de viviendas, techos y paredes\u201d.<\/p>\n\n\n\n<p>Asimismo, exhort\u00f3 a los educadores a organizarse y llenar toda la informaci\u00f3n escuela por escuela, as\u00ed como ordenar los casos m\u00e1s prioritarios. Rodr\u00edguez asegur\u00f3, que trabajar\u00e1n arduamente hasta que cada docente tenga su vivienda digna.<\/p>\n\n\n\n<p>Vale destacar que esta semana, el titular de la cartera educativa anunci\u00f3 un extenso plan dise\u00f1ado para mejorar las condiciones de vida de los profesionales de la educaci\u00f3n, que cuenta con una amplia gama de beneficios, que incluyen: atenci\u00f3n m\u00e9dica, viviendas, dotaci\u00f3n de uniformes, becas y cr\u00e9ditos.<\/p>\n\n\n\n<p>Con informaci\u00f3n <strong><em><mark style=\"background-color:rgba(0, 0, 0, 0)\" class=\"has-inline-color has-luminous-vivid-orange-color\">AVN<\/mark><\/em><\/strong><\/p>\n","protected":false},"excerpt":{"rendered":"<p>Este jueves se realiz\u00f3 la firma de un convenio entre los ministerios del Poder Popular para la Educaci\u00f3n y H\u00e1bitat y Vivienda, con el objetivo de priorizar la atenci\u00f3n en una primera fase a 25 mil maestros y maestras con la construcci\u00f3n y rehabilitaci\u00f3n de sus hogares. La informaci\u00f3n la dio a conocer el ministro [&hellip;]<\/p>\n","protected":false},"author":33,"featured_media":250401,"comment_status":"closed","ping_status":"closed","sticky":false,"template":"","format":"standard","meta":{"footnotes":""},"categories":[9],"tags":[2158,2121,2157],"class_list":{"0":"post-250400","1":"post","2":"type-post","3":"status-publish","4":"format-standard","5":"has-post-thumbnail","7":"category-nacionales","8":"tag-maestras","9":"tag-maestros","10":"tag-viviendas"},"_links":{"self":[{"href":"https:\/\/elluchador.info\/index.php?rest_route=\/wp\/v2\/posts\/250400","targetHints":{"allow":["GET"]}}],"collection":[{"href":"https:\/\/elluchador.info\/index.php?rest_route=\/wp\/v2\/posts"}],"about":[{"href":"https:\/\/elluchador.info\/index.php?rest_route=\/wp\/v2\/types\/post"}],"author":[{"embeddable":true,"href":"https:\/\/elluchador.info\/index.php?rest_route=\/wp\/v2\/users\/33"}],"replies":[{"embeddable":true,"href":"https:\/\/elluchador.info\/index.php?rest_route=%2Fwp%2Fv2%2Fcomments&post=250400"}],"version-history":[{"count":2,"href":"https:\/\/elluchador.info\/index.php?rest_route=\/wp\/v2\/posts\/250400\/revisions"}],"predecessor-version":[{"id":250408,"href":"https:\/\/elluchador.info\/index.php?rest_route=\/wp\/v2\/posts\/250400\/revisions\/250408"}],"wp:featuredmedia":[{"embeddable":true,"href":"https:\/\/elluchador.info\/index.php?rest_route=\/wp\/v2\/media\/250401"}],"wp:attachment":[{"href":"https:\/\/elluchador.info\/index.php?rest_route=%2Fwp%2Fv2%2Fmedia&parent=250400"}],"wp:term":[{"taxonomy":"category","embeddable":true,"href":"https:\/\/elluchador.info\/index.php?rest_route=%2Fwp%2Fv2%2Fcategories&post=250400"},{"taxonomy":"post_tag","embeddable":true,"href":"https:\/\/elluchador.info\/index.php?rest_route=%2Fwp%2Fv2%2Ftags&post=250400"}],"curies":[{"name":"wp","href":"https:\/\/api.w.org\/{rel}","templated":true}]}}